{"id":10858,"date":"2024-02-14T10:57:03","date_gmt":"2024-02-14T09:57:03","guid":{"rendered":"https:\/\/botrange.be\/2024\/02\/14\/bilan-2023-du-parc-naturel\/"},"modified":"2024-02-14T11:02:52","modified_gmt":"2024-02-14T10:02:52","slug":"bilan-2023-du-parc-naturel","status":"publish","type":"post","link":"https:\/\/botrange.be\/de\/2024\/02\/14\/bilan-2023-du-parc-naturel\/","title":{"rendered":"Bilanz 2023"},"content":{"rendered":"<p>Haben Sie eine Vorstellung davon, was wir bis 2023 alles erreicht haben? F\u00fcr die Neugierigen gibt es hier eine Zusammenfassung des vergangenen Jahres:<\/p>\n<p>\u2714\ufe0f Start des Wolf Fencing Team Belgium &#8211; Wallonien, mit der Ausbildung von 20 Freiwilligen, der Teilnahme an zahlreichen Konferenzen und monatlichen Baupl\u00e4tze<br \/>\n\u2714\ufe0f Vergr\u00f6\u00dferung und Sicherung unserer \u00d6ko-Weidefl\u00e4che<br \/>\n\u2714\ufe0f St\u00e4rkung der Populationen von 2 einheimischen S\u00fc\u00dfwassermuschelarten<br \/>\n\u2714\ufe0f Beratung von 100 privaten Waldbesitzern f\u00fcr eine nachhaltigere Bewirtschaftung ihres Eigentums<br \/>\n\u2714\ufe0f Start der Mission zur Bek\u00e4mpfung von invasiven gebietsfremden Arten entlang von Wasserl\u00e4ufen<br \/>\n\u2714\ufe0f Schulung von etwa 50 B\u00fcrgern im Bio-Gem\u00fcsegarten<br \/>\n\u2714\ufe0f Einrichtung eines Lehrpfades \u00fcber Hecken und Pflanzung von 2800 neuen Heckenpflanzen<br \/>\n\u2714\ufe0f Einweihung eines Lehrpfades f\u00fcr Menschen mit eingeschr\u00e4nkter Mobilit\u00e4t und Verst\u00e4ndnisschwierigkeiten<br \/>\n\u2714\ufe0f Organisation eines Sammeleinkaufs von einheimischen Hecken f\u00fcr die B\u00fcrger<br \/>\n\u2714\ufe0f Auswahl von 3 Geb\u00e4uden, die 2024 in Fledermausquartiere umgewandelt werden sollen<br \/>\n\u2714\ufe0f 60 Stadtplanungsgutachten f\u00fcr eine bessere landschaftliche Integration von Geb\u00e4uden verfasst<br \/>\n\u2714\ufe0f Ausheben von T\u00fcmpeln<br \/>\n\u2714\ufe0f Schaffung von Feuchtgebieten zur Reinigung des Wassers in Holzheim<br \/>\n\u2714\ufe0f Organisation eines grenz\u00fcberschreitenden Jugendcamps und der Akademie des Deutsch-Belgischen Naturparks<br \/>\n\u2714\ufe0f Verarbeitung von 2 Tonnen lokaler \u00c4pfel zu Saft f\u00fcr die B\u00fcrger<br \/>\n\u2714\ufe0f Empfang von 4543 Sch\u00fclern an 128 Animationstagen<br \/>\n\u2714\ufe0f Animationen zu einheimischen Forellen und Lachsen bei 84 Sch\u00fclern<br \/>\n\u2714\ufe0f Animationen zum Thema &#8222;Kompost&#8220; bei 120 Sch\u00fclern<br \/>\n\u2714\ufe0f Animationen zum Thema &#8222;Wasser&#8220; bei 166 Sch\u00fclern<br \/>\n\u2714\ufe0f Organisation einer Nacht der Dunkelheit gegen Lichtverschmutzung<br \/>\n\u2714\ufe0f Organisation einer Nacht der Sternschnuppen<br \/>\n\u2714\ufe0f Organisation des Pilzfestes<br \/>\n\u2714\ufe0f &#8230;. Und noch viele gef\u00fchrte Wanderungen und Familienanimationen! <\/p>\n<p>Vielen Dank an Sie alle f\u00fcr Ihre Teilnahme an unseren Aktivit\u00e4ten! Wir hoffen, dass wir 2024 noch mehr von Ihnen sehen werden \ud83e\udd73<\/p>\n","protected":false},"excerpt":{"rendered":"<p class=\"excerpt\">Haben Sie eine Vorstellung davon, was wir bis 2023 alles erreicht haben? F\u00fcr die Neugierigen gibt es hier eine Zusammenfassung des vergangenen Jahres: \u2714\ufe0f Start des Wolf Fencing Team Belgium [&hellip;]<\/p>\n","protected":false},"author":6,"featured_media":10860,"comment_status":"closed","ping_status":"open","sticky":false,"template":"","format":"standard","meta":{"_acf_changed":false,"inline_featured_image":false,"_monsterinsights_skip_tracking":false,"_monsterinsights_sitenote_active":false,"_monsterinsights_sitenote_note":"","_monsterinsights_sitenote_category":0,"footnotes":""},"categories":[2],"tags":[],"class_list":["post-10858","post","type-post","status-publish","format-standard","has-post-thumbnail","hentry","category-unkategorisiert"],"acf":[],"yoast_head":"<!-- This site is optimized with the Yoast SEO plugin v27.4 - https:\/\/yoast.com\/product\/yoast-seo-wordpress\/ -->\n<title>Bilanz 2023 - Parc naturel Hautes Fagnes-Eifel<\/title>\n<meta name=\"description\" content=\"Haben Sie eine Vorstellung davon, was wir bis 2023 alles erreicht haben? F\u00fcr die Neugierigen gibt es hier eine Zusammenfassung des vergangenen Jahres:\" \/>\n<meta name=\"robots\" content=\"index, follow, max-snippet:-1, max-image-preview:large, max-video-preview:-1\" \/>\n<link rel=\"canonical\" href=\"https:\/\/botrange.be\/de\/2024\/02\/14\/bilan-2023-du-parc-naturel\/\" \/>\n<meta property=\"og:locale\" content=\"de_DE\" \/>\n<meta property=\"og:type\" content=\"article\" \/>\n<meta property=\"og:title\" content=\"Bilanz 2023 - Parc naturel Hautes Fagnes-Eifel\" \/>\n<meta property=\"og:description\" content=\"Haben Sie eine Vorstellung davon, was wir bis 2023 alles erreicht haben? F\u00fcr die Neugierigen gibt es hier eine Zusammenfassung des vergangenen Jahres:\" \/>\n<meta property=\"og:url\" content=\"https:\/\/botrange.be\/de\/2024\/02\/14\/bilan-2023-du-parc-naturel\/\" \/>\n<meta property=\"og:site_name\" content=\"Parc naturel Hautes Fagnes-Eifel\" \/>\n<meta property=\"article:published_time\" content=\"2024-02-14T09:57:03+00:00\" \/>\n<meta property=\"article:modified_time\" content=\"2024-02-14T10:02:52+00:00\" \/>\n<meta property=\"og:image\" content=\"https:\/\/botrange.be\/wp-content\/uploads\/2024\/02\/2023-1.png\" \/>\n\t<meta property=\"og:image:width\" content=\"940\" \/>\n\t<meta property=\"og:image:height\" content=\"788\" \/>\n\t<meta property=\"og:image:type\" content=\"image\/png\" \/>\n<meta name=\"author\" content=\"David Van Buggenhoudt\" \/>\n<meta name=\"twitter:card\" content=\"summary_large_image\" \/>\n<meta name=\"twitter:label1\" content=\"Verfasst von\" \/>\n\t<meta name=\"twitter:data1\" content=\"David Van Buggenhoudt\" \/>\n\t<meta name=\"twitter:label2\" content=\"Gesch\u00e4tzte Lesezeit\" \/>\n\t<meta name=\"twitter:data2\" content=\"1\u00a0Minute\" \/>\n<script type=\"application\/ld+json\" class=\"yoast-schema-graph\">{\"@context\":\"https:\\\/\\\/schema.org\",\"@graph\":[{\"@type\":\"Article\",\"@id\":\"https:\\\/\\\/botrange.be\\\/de\\\/2024\\\/02\\\/14\\\/bilan-2023-du-parc-naturel\\\/#article\",\"isPartOf\":{\"@id\":\"https:\\\/\\\/botrange.be\\\/de\\\/2024\\\/02\\\/14\\\/bilan-2023-du-parc-naturel\\\/\"},\"author\":{\"name\":\"David Van Buggenhoudt\",\"@id\":\"https:\\\/\\\/botrange.be\\\/de\\\/#\\\/schema\\\/person\\\/e43f56df0a1e899eca9aaf4760f46be1\"},\"headline\":\"Bilanz 2023\",\"datePublished\":\"2024-02-14T09:57:03+00:00\",\"dateModified\":\"2024-02-14T10:02:52+00:00\",\"mainEntityOfPage\":{\"@id\":\"https:\\\/\\\/botrange.be\\\/de\\\/2024\\\/02\\\/14\\\/bilan-2023-du-parc-naturel\\\/\"},\"wordCount\":261,\"publisher\":{\"@id\":\"https:\\\/\\\/botrange.be\\\/de\\\/#organization\"},\"image\":{\"@id\":\"https:\\\/\\\/botrange.be\\\/de\\\/2024\\\/02\\\/14\\\/bilan-2023-du-parc-naturel\\\/#primaryimage\"},\"thumbnailUrl\":\"https:\\\/\\\/botrange.be\\\/wp-content\\\/uploads\\\/2024\\\/02\\\/2023-1.png\",\"articleSection\":[\"Unkategorisiert\"],\"inLanguage\":\"de\"},{\"@type\":\"WebPage\",\"@id\":\"https:\\\/\\\/botrange.be\\\/de\\\/2024\\\/02\\\/14\\\/bilan-2023-du-parc-naturel\\\/\",\"url\":\"https:\\\/\\\/botrange.be\\\/de\\\/2024\\\/02\\\/14\\\/bilan-2023-du-parc-naturel\\\/\",\"name\":\"Bilanz 2023 - Parc naturel Hautes Fagnes-Eifel\",\"isPartOf\":{\"@id\":\"https:\\\/\\\/botrange.be\\\/de\\\/#website\"},\"primaryImageOfPage\":{\"@id\":\"https:\\\/\\\/botrange.be\\\/de\\\/2024\\\/02\\\/14\\\/bilan-2023-du-parc-naturel\\\/#primaryimage\"},\"image\":{\"@id\":\"https:\\\/\\\/botrange.be\\\/de\\\/2024\\\/02\\\/14\\\/bilan-2023-du-parc-naturel\\\/#primaryimage\"},\"thumbnailUrl\":\"https:\\\/\\\/botrange.be\\\/wp-content\\\/uploads\\\/2024\\\/02\\\/2023-1.png\",\"datePublished\":\"2024-02-14T09:57:03+00:00\",\"dateModified\":\"2024-02-14T10:02:52+00:00\",\"description\":\"Haben Sie eine Vorstellung davon, was wir bis 2023 alles erreicht haben? F\u00fcr die Neugierigen gibt es hier eine Zusammenfassung des vergangenen Jahres:\",\"breadcrumb\":{\"@id\":\"https:\\\/\\\/botrange.be\\\/de\\\/2024\\\/02\\\/14\\\/bilan-2023-du-parc-naturel\\\/#breadcrumb\"},\"inLanguage\":\"de\",\"potentialAction\":[{\"@type\":\"ReadAction\",\"target\":[\"https:\\\/\\\/botrange.be\\\/de\\\/2024\\\/02\\\/14\\\/bilan-2023-du-parc-naturel\\\/\"]}]},{\"@type\":\"ImageObject\",\"inLanguage\":\"de\",\"@id\":\"https:\\\/\\\/botrange.be\\\/de\\\/2024\\\/02\\\/14\\\/bilan-2023-du-parc-naturel\\\/#primaryimage\",\"url\":\"https:\\\/\\\/botrange.be\\\/wp-content\\\/uploads\\\/2024\\\/02\\\/2023-1.png\",\"contentUrl\":\"https:\\\/\\\/botrange.be\\\/wp-content\\\/uploads\\\/2024\\\/02\\\/2023-1.png\",\"width\":940,\"height\":788},{\"@type\":\"BreadcrumbList\",\"@id\":\"https:\\\/\\\/botrange.be\\\/de\\\/2024\\\/02\\\/14\\\/bilan-2023-du-parc-naturel\\\/#breadcrumb\",\"itemListElement\":[{\"@type\":\"ListItem\",\"position\":1,\"name\":\"Accueil\",\"item\":\"https:\\\/\\\/botrange.be\\\/de\\\/\"},{\"@type\":\"ListItem\",\"position\":2,\"name\":\"Bilanz 2023\"}]},{\"@type\":\"WebSite\",\"@id\":\"https:\\\/\\\/botrange.be\\\/de\\\/#website\",\"url\":\"https:\\\/\\\/botrange.be\\\/de\\\/\",\"name\":\"Parc naturel Hautes Fagnes-Eifel\",\"description\":\"50 ANS 1971-2021\",\"publisher\":{\"@id\":\"https:\\\/\\\/botrange.be\\\/de\\\/#organization\"},\"potentialAction\":[{\"@type\":\"SearchAction\",\"target\":{\"@type\":\"EntryPoint\",\"urlTemplate\":\"https:\\\/\\\/botrange.be\\\/de\\\/?s={search_term_string}\"},\"query-input\":{\"@type\":\"PropertyValueSpecification\",\"valueRequired\":true,\"valueName\":\"search_term_string\"}}],\"inLanguage\":\"de\"},{\"@type\":\"Organization\",\"@id\":\"https:\\\/\\\/botrange.be\\\/de\\\/#organization\",\"name\":\"Parc naturel Hautes Fagnes-Eifel\",\"url\":\"https:\\\/\\\/botrange.be\\\/de\\\/\",\"logo\":{\"@type\":\"ImageObject\",\"inLanguage\":\"de\",\"@id\":\"https:\\\/\\\/botrange.be\\\/de\\\/#\\\/schema\\\/logo\\\/image\\\/\",\"url\":\"https:\\\/\\\/botrange.be\\\/wp-content\\\/uploads\\\/2021\\\/06\\\/logo.svg\",\"contentUrl\":\"https:\\\/\\\/botrange.be\\\/wp-content\\\/uploads\\\/2021\\\/06\\\/logo.svg\",\"caption\":\"Parc naturel Hautes Fagnes-Eifel\"},\"image\":{\"@id\":\"https:\\\/\\\/botrange.be\\\/de\\\/#\\\/schema\\\/logo\\\/image\\\/\"}},{\"@type\":\"Person\",\"@id\":\"https:\\\/\\\/botrange.be\\\/de\\\/#\\\/schema\\\/person\\\/e43f56df0a1e899eca9aaf4760f46be1\",\"name\":\"David Van Buggenhoudt\",\"image\":{\"@type\":\"ImageObject\",\"inLanguage\":\"de\",\"@id\":\"https:\\\/\\\/secure.gravatar.com\\\/avatar\\\/bd02ba70668e9aa6a94537f4eff268d6082896a4d7e854b80ba44ba5ca376dc9?s=96&d=mm&r=g\",\"url\":\"https:\\\/\\\/secure.gravatar.com\\\/avatar\\\/bd02ba70668e9aa6a94537f4eff268d6082896a4d7e854b80ba44ba5ca376dc9?s=96&d=mm&r=g\",\"contentUrl\":\"https:\\\/\\\/secure.gravatar.com\\\/avatar\\\/bd02ba70668e9aa6a94537f4eff268d6082896a4d7e854b80ba44ba5ca376dc9?s=96&d=mm&r=g\",\"caption\":\"David Van Buggenhoudt\"},\"url\":\"https:\\\/\\\/botrange.be\\\/de\\\/author\\\/davidv\\\/\"}]}<\/script>\n<!-- \/ Yoast SEO plugin. -->","yoast_head_json":{"title":"Bilanz 2023 - Parc naturel Hautes Fagnes-Eifel","description":"Haben Sie eine Vorstellung davon, was wir bis 2023 alles erreicht haben? F\u00fcr die Neugierigen gibt es hier eine Zusammenfassung des vergangenen Jahres:","robots":{"index":"index","follow":"follow","max-snippet":"max-snippet:-1","max-image-preview":"max-image-preview:large","max-video-preview":"max-video-preview:-1"},"canonical":"https:\/\/botrange.be\/de\/2024\/02\/14\/bilan-2023-du-parc-naturel\/","og_locale":"de_DE","og_type":"article","og_title":"Bilanz 2023 - Parc naturel Hautes Fagnes-Eifel","og_description":"Haben Sie eine Vorstellung davon, was wir bis 2023 alles erreicht haben? F\u00fcr die Neugierigen gibt es hier eine Zusammenfassung des vergangenen Jahres:","og_url":"https:\/\/botrange.be\/de\/2024\/02\/14\/bilan-2023-du-parc-naturel\/","og_site_name":"Parc naturel Hautes Fagnes-Eifel","article_published_time":"2024-02-14T09:57:03+00:00","article_modified_time":"2024-02-14T10:02:52+00:00","og_image":[{"width":940,"height":788,"url":"https:\/\/botrange.be\/wp-content\/uploads\/2024\/02\/2023-1.png","type":"image\/png"}],"author":"David Van Buggenhoudt","twitter_card":"summary_large_image","twitter_misc":{"Verfasst von":"David Van Buggenhoudt","Gesch\u00e4tzte Lesezeit":"1\u00a0Minute"},"schema":{"@context":"https:\/\/schema.org","@graph":[{"@type":"Article","@id":"https:\/\/botrange.be\/de\/2024\/02\/14\/bilan-2023-du-parc-naturel\/#article","isPartOf":{"@id":"https:\/\/botrange.be\/de\/2024\/02\/14\/bilan-2023-du-parc-naturel\/"},"author":{"name":"David Van Buggenhoudt","@id":"https:\/\/botrange.be\/de\/#\/schema\/person\/e43f56df0a1e899eca9aaf4760f46be1"},"headline":"Bilanz 2023","datePublished":"2024-02-14T09:57:03+00:00","dateModified":"2024-02-14T10:02:52+00:00","mainEntityOfPage":{"@id":"https:\/\/botrange.be\/de\/2024\/02\/14\/bilan-2023-du-parc-naturel\/"},"wordCount":261,"publisher":{"@id":"https:\/\/botrange.be\/de\/#organization"},"image":{"@id":"https:\/\/botrange.be\/de\/2024\/02\/14\/bilan-2023-du-parc-naturel\/#primaryimage"},"thumbnailUrl":"https:\/\/botrange.be\/wp-content\/uploads\/2024\/02\/2023-1.png","articleSection":["Unkategorisiert"],"inLanguage":"de"},{"@type":"WebPage","@id":"https:\/\/botrange.be\/de\/2024\/02\/14\/bilan-2023-du-parc-naturel\/","url":"https:\/\/botrange.be\/de\/2024\/02\/14\/bilan-2023-du-parc-naturel\/","name":"Bilanz 2023 - Parc naturel Hautes Fagnes-Eifel","isPartOf":{"@id":"https:\/\/botrange.be\/de\/#website"},"primaryImageOfPage":{"@id":"https:\/\/botrange.be\/de\/2024\/02\/14\/bilan-2023-du-parc-naturel\/#primaryimage"},"image":{"@id":"https:\/\/botrange.be\/de\/2024\/02\/14\/bilan-2023-du-parc-naturel\/#primaryimage"},"thumbnailUrl":"https:\/\/botrange.be\/wp-content\/uploads\/2024\/02\/2023-1.png","datePublished":"2024-02-14T09:57:03+00:00","dateModified":"2024-02-14T10:02:52+00:00","description":"Haben Sie eine Vorstellung davon, was wir bis 2023 alles erreicht haben? F\u00fcr die Neugierigen gibt es hier eine Zusammenfassung des vergangenen Jahres:","breadcrumb":{"@id":"https:\/\/botrange.be\/de\/2024\/02\/14\/bilan-2023-du-parc-naturel\/#breadcrumb"},"inLanguage":"de","potentialAction":[{"@type":"ReadAction","target":["https:\/\/botrange.be\/de\/2024\/02\/14\/bilan-2023-du-parc-naturel\/"]}]},{"@type":"ImageObject","inLanguage":"de","@id":"https:\/\/botrange.be\/de\/2024\/02\/14\/bilan-2023-du-parc-naturel\/#primaryimage","url":"https:\/\/botrange.be\/wp-content\/uploads\/2024\/02\/2023-1.png","contentUrl":"https:\/\/botrange.be\/wp-content\/uploads\/2024\/02\/2023-1.png","width":940,"height":788},{"@type":"BreadcrumbList","@id":"https:\/\/botrange.be\/de\/2024\/02\/14\/bilan-2023-du-parc-naturel\/#breadcrumb","itemListElement":[{"@type":"ListItem","position":1,"name":"Accueil","item":"https:\/\/botrange.be\/de\/"},{"@type":"ListItem","position":2,"name":"Bilanz 2023"}]},{"@type":"WebSite","@id":"https:\/\/botrange.be\/de\/#website","url":"https:\/\/botrange.be\/de\/","name":"Parc naturel Hautes Fagnes-Eifel","description":"50 ANS 1971-2021","publisher":{"@id":"https:\/\/botrange.be\/de\/#organization"},"potentialAction":[{"@type":"SearchAction","target":{"@type":"EntryPoint","urlTemplate":"https:\/\/botrange.be\/de\/?s={search_term_string}"},"query-input":{"@type":"PropertyValueSpecification","valueRequired":true,"valueName":"search_term_string"}}],"inLanguage":"de"},{"@type":"Organization","@id":"https:\/\/botrange.be\/de\/#organization","name":"Parc naturel Hautes Fagnes-Eifel","url":"https:\/\/botrange.be\/de\/","logo":{"@type":"ImageObject","inLanguage":"de","@id":"https:\/\/botrange.be\/de\/#\/schema\/logo\/image\/","url":"https:\/\/botrange.be\/wp-content\/uploads\/2021\/06\/logo.svg","contentUrl":"https:\/\/botrange.be\/wp-content\/uploads\/2021\/06\/logo.svg","caption":"Parc naturel Hautes Fagnes-Eifel"},"image":{"@id":"https:\/\/botrange.be\/de\/#\/schema\/logo\/image\/"}},{"@type":"Person","@id":"https:\/\/botrange.be\/de\/#\/schema\/person\/e43f56df0a1e899eca9aaf4760f46be1","name":"David Van Buggenhoudt","image":{"@type":"ImageObject","inLanguage":"de","@id":"https:\/\/secure.gravatar.com\/avatar\/bd02ba70668e9aa6a94537f4eff268d6082896a4d7e854b80ba44ba5ca376dc9?s=96&d=mm&r=g","url":"https:\/\/secure.gravatar.com\/avatar\/bd02ba70668e9aa6a94537f4eff268d6082896a4d7e854b80ba44ba5ca376dc9?s=96&d=mm&r=g","contentUrl":"https:\/\/secure.gravatar.com\/avatar\/bd02ba70668e9aa6a94537f4eff268d6082896a4d7e854b80ba44ba5ca376dc9?s=96&d=mm&r=g","caption":"David Van Buggenhoudt"},"url":"https:\/\/botrange.be\/de\/author\/davidv\/"}]}},"_links":{"self":[{"href":"https:\/\/botrange.be\/de\/wp-json\/wp\/v2\/posts\/10858","targetHints":{"allow":["GET"]}}],"collection":[{"href":"https:\/\/botrange.be\/de\/wp-json\/wp\/v2\/posts"}],"about":[{"href":"https:\/\/botrange.be\/de\/wp-json\/wp\/v2\/types\/post"}],"author":[{"embeddable":true,"href":"https:\/\/botrange.be\/de\/wp-json\/wp\/v2\/users\/6"}],"replies":[{"embeddable":true,"href":"https:\/\/botrange.be\/de\/wp-json\/wp\/v2\/comments?post=10858"}],"version-history":[{"count":1,"href":"https:\/\/botrange.be\/de\/wp-json\/wp\/v2\/posts\/10858\/revisions"}],"predecessor-version":[{"id":10859,"href":"https:\/\/botrange.be\/de\/wp-json\/wp\/v2\/posts\/10858\/revisions\/10859"}],"wp:featuredmedia":[{"embeddable":true,"href":"https:\/\/botrange.be\/de\/wp-json\/wp\/v2\/media\/10860"}],"wp:attachment":[{"href":"https:\/\/botrange.be\/de\/wp-json\/wp\/v2\/media?parent=10858"}],"wp:term":[{"taxonomy":"category","embeddable":true,"href":"https:\/\/botrange.be\/de\/wp-json\/wp\/v2\/categories?post=10858"},{"taxonomy":"post_tag","embeddable":true,"href":"https:\/\/botrange.be\/de\/wp-json\/wp\/v2\/tags?post=10858"}],"curies":[{"name":"wp","href":"https:\/\/api.w.org\/{rel}","templated":true}]}}