{"id":12519,"date":"2024-08-05T15:15:52","date_gmt":"2024-08-05T13:15:52","guid":{"rendered":"https:\/\/botrange.be\/2024\/08\/05\/stellenangebot-projektmanager-in-gruene-doerfer-und-resiliente-landschaft\/"},"modified":"2024-08-06T13:51:40","modified_gmt":"2024-08-06T11:51:40","slug":"stellenangebot-projektmanager-in-gruene-doerfer-und-resiliente-landschaft","status":"publish","type":"post","link":"https:\/\/botrange.be\/de\/2024\/08\/05\/stellenangebot-projektmanager-in-gruene-doerfer-und-resiliente-landschaft\/","title":{"rendered":"Stellenangebot: Projektmanager\/in &#8222;Gr\u00fcne D\u00f6rfer und resiliente Landschaft&#8220;"},"content":{"rendered":"<p>Die VoG Naturpark Hohes Venn-Eifel sucht eine\/n neue\/n Kollegen\/in in Vollzeit f\u00fcr die Umsetzung der folgenden LEADER-Projekte:<\/p>\n<p>&#8211; LEADER &#8222;Gr\u00fcne D\u00f6rfer, Resilienz und Dorfgemeinschaften&#8220; (LAG &#8222;100 D\u00f6rfer-1 Zukunft&#8220;).<\/p>\n<p>&#8211; LEADER &#8222;Resiliente und biodiversit\u00e4tsfreundliche Landschaften&#8220; (LAG &#8222;Zwischen Weser und G\u00f6hl&#8220;).<\/p>\n<p><em>Pour plus de d\u00e9tails concernant les projets propos\u00e9s, n\u2019h\u00e9sitez pas \u00e0 consulter les fiches d\u00e9taill\u00e9es <a href=\"https:\/\/botrange.be\/wp-content\/uploads\/2024\/02\/Fiche-descriptive-100V-1A-villages-verts-resilientce-et-communautes-villageoises-actives.pdf\">Fiche descriptive 100V-1A villages verts, r\u00e9silience et communaut\u00e9s villageoises actives<\/a> et <a href=\"https:\/\/botrange.be\/wp-content\/uploads\/2024\/02\/Fiche-descriptive-EVG-Un-paysage-resilient-et-accueillant-de-biodiversite.pdf\">Fiche descriptive EVG Un paysage r\u00e9silient et accueillant de biodiversit\u00e9<\/a>.<\/em><\/p>\n<p>&nbsp;<\/p>\n<p><strong>Informationen<\/strong>:<\/p>\n<p>&#8211; Bezeichnung der Stelle: Projektbeauftragte\/r;<\/p>\n<p>&#8211; Arbeitsort: Naturparkzentrum Botrange, rue de Botrange 131, 4950 Weismes und auf dem \u00fcbrigen Gebiet des Naturparks;<\/p>\n<p>&#8211; Datum der Einstellung: September 2024;<\/p>\n<p>&#8211; Vertrag: Befristeter Vertrag vom 01.09.2024 bis 31.12.2026;<\/p>\n<p>&#8211; Zeitregelung: Vollzeit;<\/p>\n<p>&#8211; Arbeitszeiten: von Montag bis Freitag.<\/p>\n<p>&#8211; Verg\u00fctung auf der Grundlage der Tarife der Parit\u00e4tischen Kommission 329.02 :<\/p>\n<p>Je nach Abschluss :<\/p>\n<ul>\n<li>Bachelor; 4.1<\/li>\n<li>Master; 4.2<\/li>\n<\/ul>\n<p>M\u00f6glichkeit der Anerkennung von Dienstjahreng in einer \u00e4hnlichen Funktion bis zu maximal 5 Jahren.<\/p>\n<p>Sie k\u00f6nnen die Gehaltsbetr\u00e4ge \u00fcber den folgenden Link abrufen:<\/p>\n<p>&nbsp;<\/p>\n<p><strong>Ihr Profil<\/strong>:<\/p>\n<p>&#8211; Bachelor- oder Masterabschluss in den Bereichen Umwelt, erneuerbare Energien, Agrarwissenschaften, Biologie, Geografie, Landschaftsarchitekt oder nachweisliche Erfahrung in Zusammenhang mit der Funktion;<\/p>\n<p>&#8211; Zweisprachig Deutsch\/Franz\u00f6sisch;<\/p>\n<p>&#8211; Interesse an Animation und Sensibilisierung;<\/p>\n<p>&#8211; Anspruch auf Arbeitsf\u00f6rderungsbeihilfe;<\/p>\n<p>&#8211; F\u00fchrerschein und eigenes Auto besitzen;<\/p>\n<p>&#8211; Beherrschung der Microsoft Office-Tools und digitaler Kartografie-Tools (QGis).<\/p>\n<p>&nbsp;<\/p>\n<p><strong>Ihre Funktion<\/strong>:<\/p>\n<p>Als LEADER-Projektmanager\/in werden Sie Teil des wissenschaftlichen Teams des Naturparks Hohes Venn-Eifel und sind f\u00fcr die technische und administrative Umsetzung des\/der Projekte\/s verantwortlich.<\/p>\n<p>Sie werden die im Projektblatt definierten Ma\u00dfnahmen in Zusammenarbeit mit den Akteuren des Gebietes umsetzen und sind au\u00dferdem f\u00fcr die Haushalts- und Verwaltungsf\u00fchrung des Projektes verantwortlich.<\/p>\n<p>Sie k\u00f6nnen von der Expertise und der Betreuung der Mitglieder des wissenschaftlichen Dienstes profitieren.<\/p>\n<p>&nbsp;<\/p>\n<p><strong>Voraussetzungen<\/strong>:<\/p>\n<p>&#8211; Starke kommunikative F\u00e4higkeiten (m\u00fcndlich und schriftlich) besitzen;<\/p>\n<p>&#8211; F\u00e4higkeit, Gruppen (Kinder, Jugendliche und Erwachsene) zu sensibilisieren und zu leiten;<\/p>\n<p>&#8211; F\u00e4higkeit, eine Gruppe von Akteuren zu koordinieren;<\/p>\n<p>&#8211; F\u00e4higkeit, Animationsangebote von A bis Z zu konzipieren und Sensibilisierungsma\u00dfnahmen f\u00fcr verschiedene Arten von Zielgruppen durchzuf\u00fchren;<\/p>\n<p>&#8211; F\u00e4higkeit, im Team zu arbeiten;<\/p>\n<p>&#8211; F\u00e4higkeit, biologische Bestandsaufnahmen durchzuf\u00fchren;<\/p>\n<p>&#8211; F\u00e4higkeit, Aktionen zeitlich zu planen und selbstst\u00e4ndig durchzuf\u00fchren;<\/p>\n<p>&#8211; F\u00e4higkeit, Fristen einzuhalten;<\/p>\n<p>&#8211; Dynamik und Eigeninitiative besitzen;<\/p>\n<p>&#8211; Flexibilit\u00e4t: gelegentliche Leistungen an Wochenenden und in den Abendstunden sind m\u00f6glich;<\/p>\n<p>&#8211; Zweisprachig Deutsch\/Franz\u00f6sisch.<\/p>\n<p><strong>\u00a0<\/strong><\/p>\n<p><strong>Bewerbungen sind bis sp\u00e4testens Sonntag, den 21. August 2024 (Mitternacht), an <\/strong><a href=\"mailto:recrutement@botrange.be\"><strong>recrutement@botrange.be<\/strong><\/a><strong> \u00a0zu senden. Achten Sie darauf, den Titel der Stelle: LEADER-Projektbeauftragter &#8222;Gr\u00fcne D\u00f6rfer und resiliente Landschaft&#8220; in der Betreffzeile der E-Mail anzugeben. <\/strong><\/p>\n<p><strong>\u00a0Die Analyse der Bewerbungen findet am Donnerstag, den 22. August statt. Die Bewerber werden nach diesem Datum erneut kontaktiert.<\/strong><\/p>\n<p><strong>Die Vorstellungsgespr\u00e4che finden am 29. August 2024 statt. <\/strong><\/p>\n<p><strong>Bei Fragen oder f\u00fcr weitere Informationen senden Sie Ihre Anfrage an: <a href=\"mailto:charlotte.bontinck@botrange.be\">charlotte.bontinck@botrange.be<\/a>, <a href=\"mailto:philippe.laschet@botrange.be\">philippe.laschet@botrange.be<\/a> <\/strong><\/p>\n","protected":false},"excerpt":{"rendered":"<p class=\"excerpt\">Die VoG Naturpark Hohes Venn-Eifel sucht eine\/n neue\/n Kollegen\/in in Vollzeit f\u00fcr die Umsetzung der folgenden LEADER-Projekte: &#8211; LEADER &#8222;Gr\u00fcne D\u00f6rfer, Resilienz und Dorfgemeinschaften&#8220; (LAG &#8222;100 D\u00f6rfer-1 Zukunft&#8220;). &#8211; LEADER [&hellip;]<\/p>\n","protected":false},"author":13,"featured_media":12517,"comment_status":"closed","ping_status":"open","sticky":false,"template":"","format":"standard","meta":{"_acf_changed":false,"inline_featured_image":false,"_monsterinsights_skip_tracking":false,"_monsterinsights_sitenote_active":false,"_monsterinsights_sitenote_note":"","_monsterinsights_sitenote_category":0,"footnotes":""},"categories":[2],"tags":[],"class_list":["post-12519","post","type-post","status-publish","format-standard","has-post-thumbnail","hentry","category-unkategorisiert"],"acf":[],"yoast_head":"<!-- This site is optimized with the Yoast SEO plugin v27.4 - https:\/\/yoast.com\/product\/yoast-seo-wordpress\/ -->\n<title>Stellenangebot: Projektmanager\/in &quot;Gr\u00fcne D\u00f6rfer und resiliente Landschaft&quot; - Parc naturel Hautes Fagnes-Eifel<\/title>\n<meta name=\"robots\" content=\"index, follow, max-snippet:-1, max-image-preview:large, max-video-preview:-1\" \/>\n<link rel=\"canonical\" href=\"https:\/\/botrange.be\/de\/2024\/08\/05\/stellenangebot-projektmanager-in-gruene-doerfer-und-resiliente-landschaft\/\" \/>\n<meta property=\"og:locale\" content=\"de_DE\" \/>\n<meta property=\"og:type\" content=\"article\" \/>\n<meta property=\"og:title\" content=\"Stellenangebot: Projektmanager\/in &quot;Gr\u00fcne D\u00f6rfer und resiliente Landschaft&quot; - Parc naturel Hautes Fagnes-Eifel\" \/>\n<meta property=\"og:description\" content=\"Die VoG Naturpark Hohes Venn-Eifel sucht eine\/n neue\/n Kollegen\/in in Vollzeit f\u00fcr die Umsetzung der folgenden LEADER-Projekte: &#8211; LEADER &#8222;Gr\u00fcne D\u00f6rfer, Resilienz und Dorfgemeinschaften&#8220; (LAG &#8222;100 D\u00f6rfer-1 Zukunft&#8220;). &#8211; LEADER [&hellip;]\" \/>\n<meta property=\"og:url\" content=\"https:\/\/botrange.be\/de\/2024\/08\/05\/stellenangebot-projektmanager-in-gruene-doerfer-und-resiliente-landschaft\/\" \/>\n<meta property=\"og:site_name\" content=\"Parc naturel Hautes Fagnes-Eifel\" \/>\n<meta property=\"article:published_time\" content=\"2024-08-05T13:15:52+00:00\" \/>\n<meta property=\"article:modified_time\" content=\"2024-08-06T11:51:40+00:00\" \/>\n<meta property=\"og:image\" content=\"https:\/\/botrange.be\/wp-content\/uploads\/2024\/08\/job-2860035-scaled.jpg\" \/>\n\t<meta property=\"og:image:width\" content=\"2560\" \/>\n\t<meta property=\"og:image:height\" content=\"1707\" \/>\n\t<meta property=\"og:image:type\" content=\"image\/jpeg\" \/>\n<meta name=\"author\" content=\"Sarah Guillaume\" \/>\n<meta name=\"twitter:card\" content=\"summary_large_image\" \/>\n<meta name=\"twitter:label1\" content=\"Verfasst von\" \/>\n\t<meta name=\"twitter:data1\" content=\"Sarah Guillaume\" \/>\n\t<meta name=\"twitter:label2\" content=\"Gesch\u00e4tzte Lesezeit\" \/>\n\t<meta name=\"twitter:data2\" content=\"3\u00a0Minuten\" \/>\n<script type=\"application\/ld+json\" class=\"yoast-schema-graph\">{\"@context\":\"https:\\\/\\\/schema.org\",\"@graph\":[{\"@type\":\"Article\",\"@id\":\"https:\\\/\\\/botrange.be\\\/de\\\/2024\\\/08\\\/05\\\/stellenangebot-projektmanager-in-gruene-doerfer-und-resiliente-landschaft\\\/#article\",\"isPartOf\":{\"@id\":\"https:\\\/\\\/botrange.be\\\/de\\\/2024\\\/08\\\/05\\\/stellenangebot-projektmanager-in-gruene-doerfer-und-resiliente-landschaft\\\/\"},\"author\":{\"name\":\"Sarah Guillaume\",\"@id\":\"https:\\\/\\\/botrange.be\\\/de\\\/#\\\/schema\\\/person\\\/cd9bfa71b7963b5496571c7af67564f4\"},\"headline\":\"Stellenangebot: Projektmanager\\\/in &#8222;Gr\u00fcne D\u00f6rfer und resiliente Landschaft&#8220;\",\"datePublished\":\"2024-08-05T13:15:52+00:00\",\"dateModified\":\"2024-08-06T11:51:40+00:00\",\"mainEntityOfPage\":{\"@id\":\"https:\\\/\\\/botrange.be\\\/de\\\/2024\\\/08\\\/05\\\/stellenangebot-projektmanager-in-gruene-doerfer-und-resiliente-landschaft\\\/\"},\"wordCount\":510,\"publisher\":{\"@id\":\"https:\\\/\\\/botrange.be\\\/de\\\/#organization\"},\"image\":{\"@id\":\"https:\\\/\\\/botrange.be\\\/de\\\/2024\\\/08\\\/05\\\/stellenangebot-projektmanager-in-gruene-doerfer-und-resiliente-landschaft\\\/#primaryimage\"},\"thumbnailUrl\":\"https:\\\/\\\/botrange.be\\\/wp-content\\\/uploads\\\/2024\\\/08\\\/job-2860035-scaled.jpg\",\"articleSection\":[\"Unkategorisiert\"],\"inLanguage\":\"de\"},{\"@type\":\"WebPage\",\"@id\":\"https:\\\/\\\/botrange.be\\\/de\\\/2024\\\/08\\\/05\\\/stellenangebot-projektmanager-in-gruene-doerfer-und-resiliente-landschaft\\\/\",\"url\":\"https:\\\/\\\/botrange.be\\\/de\\\/2024\\\/08\\\/05\\\/stellenangebot-projektmanager-in-gruene-doerfer-und-resiliente-landschaft\\\/\",\"name\":\"Stellenangebot: Projektmanager\\\/in \\\"Gr\u00fcne D\u00f6rfer und resiliente Landschaft\\\" - Parc naturel Hautes Fagnes-Eifel\",\"isPartOf\":{\"@id\":\"https:\\\/\\\/botrange.be\\\/de\\\/#website\"},\"primaryImageOfPage\":{\"@id\":\"https:\\\/\\\/botrange.be\\\/de\\\/2024\\\/08\\\/05\\\/stellenangebot-projektmanager-in-gruene-doerfer-und-resiliente-landschaft\\\/#primaryimage\"},\"image\":{\"@id\":\"https:\\\/\\\/botrange.be\\\/de\\\/2024\\\/08\\\/05\\\/stellenangebot-projektmanager-in-gruene-doerfer-und-resiliente-landschaft\\\/#primaryimage\"},\"thumbnailUrl\":\"https:\\\/\\\/botrange.be\\\/wp-content\\\/uploads\\\/2024\\\/08\\\/job-2860035-scaled.jpg\",\"datePublished\":\"2024-08-05T13:15:52+00:00\",\"dateModified\":\"2024-08-06T11:51:40+00:00\",\"breadcrumb\":{\"@id\":\"https:\\\/\\\/botrange.be\\\/de\\\/2024\\\/08\\\/05\\\/stellenangebot-projektmanager-in-gruene-doerfer-und-resiliente-landschaft\\\/#breadcrumb\"},\"inLanguage\":\"de\",\"potentialAction\":[{\"@type\":\"ReadAction\",\"target\":[\"https:\\\/\\\/botrange.be\\\/de\\\/2024\\\/08\\\/05\\\/stellenangebot-projektmanager-in-gruene-doerfer-und-resiliente-landschaft\\\/\"]}]},{\"@type\":\"ImageObject\",\"inLanguage\":\"de\",\"@id\":\"https:\\\/\\\/botrange.be\\\/de\\\/2024\\\/08\\\/05\\\/stellenangebot-projektmanager-in-gruene-doerfer-und-resiliente-landschaft\\\/#primaryimage\",\"url\":\"https:\\\/\\\/botrange.be\\\/wp-content\\\/uploads\\\/2024\\\/08\\\/job-2860035-scaled.jpg\",\"contentUrl\":\"https:\\\/\\\/botrange.be\\\/wp-content\\\/uploads\\\/2024\\\/08\\\/job-2860035-scaled.jpg\",\"width\":2560,\"height\":1707},{\"@type\":\"BreadcrumbList\",\"@id\":\"https:\\\/\\\/botrange.be\\\/de\\\/2024\\\/08\\\/05\\\/stellenangebot-projektmanager-in-gruene-doerfer-und-resiliente-landschaft\\\/#breadcrumb\",\"itemListElement\":[{\"@type\":\"ListItem\",\"position\":1,\"name\":\"Accueil\",\"item\":\"https:\\\/\\\/botrange.be\\\/de\\\/\"},{\"@type\":\"ListItem\",\"position\":2,\"name\":\"Stellenangebot: Projektmanager\\\/in &#8220;Gr\u00fcne D\u00f6rfer und resiliente Landschaft&#8221;\"}]},{\"@type\":\"WebSite\",\"@id\":\"https:\\\/\\\/botrange.be\\\/de\\\/#website\",\"url\":\"https:\\\/\\\/botrange.be\\\/de\\\/\",\"name\":\"Parc naturel Hautes Fagnes-Eifel\",\"description\":\"50 ANS 1971-2021\",\"publisher\":{\"@id\":\"https:\\\/\\\/botrange.be\\\/de\\\/#organization\"},\"potentialAction\":[{\"@type\":\"SearchAction\",\"target\":{\"@type\":\"EntryPoint\",\"urlTemplate\":\"https:\\\/\\\/botrange.be\\\/de\\\/?s={search_term_string}\"},\"query-input\":{\"@type\":\"PropertyValueSpecification\",\"valueRequired\":true,\"valueName\":\"search_term_string\"}}],\"inLanguage\":\"de\"},{\"@type\":\"Organization\",\"@id\":\"https:\\\/\\\/botrange.be\\\/de\\\/#organization\",\"name\":\"Parc naturel Hautes Fagnes-Eifel\",\"url\":\"https:\\\/\\\/botrange.be\\\/de\\\/\",\"logo\":{\"@type\":\"ImageObject\",\"inLanguage\":\"de\",\"@id\":\"https:\\\/\\\/botrange.be\\\/de\\\/#\\\/schema\\\/logo\\\/image\\\/\",\"url\":\"https:\\\/\\\/botrange.be\\\/wp-content\\\/uploads\\\/2021\\\/06\\\/logo.svg\",\"contentUrl\":\"https:\\\/\\\/botrange.be\\\/wp-content\\\/uploads\\\/2021\\\/06\\\/logo.svg\",\"caption\":\"Parc naturel Hautes Fagnes-Eifel\"},\"image\":{\"@id\":\"https:\\\/\\\/botrange.be\\\/de\\\/#\\\/schema\\\/logo\\\/image\\\/\"}},{\"@type\":\"Person\",\"@id\":\"https:\\\/\\\/botrange.be\\\/de\\\/#\\\/schema\\\/person\\\/cd9bfa71b7963b5496571c7af67564f4\",\"name\":\"Sarah Guillaume\",\"image\":{\"@type\":\"ImageObject\",\"inLanguage\":\"de\",\"@id\":\"https:\\\/\\\/secure.gravatar.com\\\/avatar\\\/ae64a204312b121c4be37c9425ca7b7dcac4359d9937cadc2bc433abf5c14670?s=96&d=mm&r=g\",\"url\":\"https:\\\/\\\/secure.gravatar.com\\\/avatar\\\/ae64a204312b121c4be37c9425ca7b7dcac4359d9937cadc2bc433abf5c14670?s=96&d=mm&r=g\",\"contentUrl\":\"https:\\\/\\\/secure.gravatar.com\\\/avatar\\\/ae64a204312b121c4be37c9425ca7b7dcac4359d9937cadc2bc433abf5c14670?s=96&d=mm&r=g\",\"caption\":\"Sarah Guillaume\"},\"url\":\"https:\\\/\\\/botrange.be\\\/de\\\/author\\\/sarah\\\/\"}]}<\/script>\n<!-- \/ Yoast SEO plugin. -->","yoast_head_json":{"title":"Stellenangebot: Projektmanager\/in \"Gr\u00fcne D\u00f6rfer und resiliente Landschaft\" - Parc naturel Hautes Fagnes-Eifel","robots":{"index":"index","follow":"follow","max-snippet":"max-snippet:-1","max-image-preview":"max-image-preview:large","max-video-preview":"max-video-preview:-1"},"canonical":"https:\/\/botrange.be\/de\/2024\/08\/05\/stellenangebot-projektmanager-in-gruene-doerfer-und-resiliente-landschaft\/","og_locale":"de_DE","og_type":"article","og_title":"Stellenangebot: Projektmanager\/in \"Gr\u00fcne D\u00f6rfer und resiliente Landschaft\" - Parc naturel Hautes Fagnes-Eifel","og_description":"Die VoG Naturpark Hohes Venn-Eifel sucht eine\/n neue\/n Kollegen\/in in Vollzeit f\u00fcr die Umsetzung der folgenden LEADER-Projekte: &#8211; LEADER &#8222;Gr\u00fcne D\u00f6rfer, Resilienz und Dorfgemeinschaften&#8220; (LAG &#8222;100 D\u00f6rfer-1 Zukunft&#8220;). &#8211; LEADER [&hellip;]","og_url":"https:\/\/botrange.be\/de\/2024\/08\/05\/stellenangebot-projektmanager-in-gruene-doerfer-und-resiliente-landschaft\/","og_site_name":"Parc naturel Hautes Fagnes-Eifel","article_published_time":"2024-08-05T13:15:52+00:00","article_modified_time":"2024-08-06T11:51:40+00:00","og_image":[{"width":2560,"height":1707,"url":"https:\/\/botrange.be\/wp-content\/uploads\/2024\/08\/job-2860035-scaled.jpg","type":"image\/jpeg"}],"author":"Sarah Guillaume","twitter_card":"summary_large_image","twitter_misc":{"Verfasst von":"Sarah Guillaume","Gesch\u00e4tzte Lesezeit":"3\u00a0Minuten"},"schema":{"@context":"https:\/\/schema.org","@graph":[{"@type":"Article","@id":"https:\/\/botrange.be\/de\/2024\/08\/05\/stellenangebot-projektmanager-in-gruene-doerfer-und-resiliente-landschaft\/#article","isPartOf":{"@id":"https:\/\/botrange.be\/de\/2024\/08\/05\/stellenangebot-projektmanager-in-gruene-doerfer-und-resiliente-landschaft\/"},"author":{"name":"Sarah Guillaume","@id":"https:\/\/botrange.be\/de\/#\/schema\/person\/cd9bfa71b7963b5496571c7af67564f4"},"headline":"Stellenangebot: Projektmanager\/in &#8222;Gr\u00fcne D\u00f6rfer und resiliente Landschaft&#8220;","datePublished":"2024-08-05T13:15:52+00:00","dateModified":"2024-08-06T11:51:40+00:00","mainEntityOfPage":{"@id":"https:\/\/botrange.be\/de\/2024\/08\/05\/stellenangebot-projektmanager-in-gruene-doerfer-und-resiliente-landschaft\/"},"wordCount":510,"publisher":{"@id":"https:\/\/botrange.be\/de\/#organization"},"image":{"@id":"https:\/\/botrange.be\/de\/2024\/08\/05\/stellenangebot-projektmanager-in-gruene-doerfer-und-resiliente-landschaft\/#primaryimage"},"thumbnailUrl":"https:\/\/botrange.be\/wp-content\/uploads\/2024\/08\/job-2860035-scaled.jpg","articleSection":["Unkategorisiert"],"inLanguage":"de"},{"@type":"WebPage","@id":"https:\/\/botrange.be\/de\/2024\/08\/05\/stellenangebot-projektmanager-in-gruene-doerfer-und-resiliente-landschaft\/","url":"https:\/\/botrange.be\/de\/2024\/08\/05\/stellenangebot-projektmanager-in-gruene-doerfer-und-resiliente-landschaft\/","name":"Stellenangebot: Projektmanager\/in \"Gr\u00fcne D\u00f6rfer und resiliente Landschaft\" - Parc naturel Hautes Fagnes-Eifel","isPartOf":{"@id":"https:\/\/botrange.be\/de\/#website"},"primaryImageOfPage":{"@id":"https:\/\/botrange.be\/de\/2024\/08\/05\/stellenangebot-projektmanager-in-gruene-doerfer-und-resiliente-landschaft\/#primaryimage"},"image":{"@id":"https:\/\/botrange.be\/de\/2024\/08\/05\/stellenangebot-projektmanager-in-gruene-doerfer-und-resiliente-landschaft\/#primaryimage"},"thumbnailUrl":"https:\/\/botrange.be\/wp-content\/uploads\/2024\/08\/job-2860035-scaled.jpg","datePublished":"2024-08-05T13:15:52+00:00","dateModified":"2024-08-06T11:51:40+00:00","breadcrumb":{"@id":"https:\/\/botrange.be\/de\/2024\/08\/05\/stellenangebot-projektmanager-in-gruene-doerfer-und-resiliente-landschaft\/#breadcrumb"},"inLanguage":"de","potentialAction":[{"@type":"ReadAction","target":["https:\/\/botrange.be\/de\/2024\/08\/05\/stellenangebot-projektmanager-in-gruene-doerfer-und-resiliente-landschaft\/"]}]},{"@type":"ImageObject","inLanguage":"de","@id":"https:\/\/botrange.be\/de\/2024\/08\/05\/stellenangebot-projektmanager-in-gruene-doerfer-und-resiliente-landschaft\/#primaryimage","url":"https:\/\/botrange.be\/wp-content\/uploads\/2024\/08\/job-2860035-scaled.jpg","contentUrl":"https:\/\/botrange.be\/wp-content\/uploads\/2024\/08\/job-2860035-scaled.jpg","width":2560,"height":1707},{"@type":"BreadcrumbList","@id":"https:\/\/botrange.be\/de\/2024\/08\/05\/stellenangebot-projektmanager-in-gruene-doerfer-und-resiliente-landschaft\/#breadcrumb","itemListElement":[{"@type":"ListItem","position":1,"name":"Accueil","item":"https:\/\/botrange.be\/de\/"},{"@type":"ListItem","position":2,"name":"Stellenangebot: Projektmanager\/in &#8220;Gr\u00fcne D\u00f6rfer und resiliente Landschaft&#8221;"}]},{"@type":"WebSite","@id":"https:\/\/botrange.be\/de\/#website","url":"https:\/\/botrange.be\/de\/","name":"Parc naturel Hautes Fagnes-Eifel","description":"50 ANS 1971-2021","publisher":{"@id":"https:\/\/botrange.be\/de\/#organization"},"potentialAction":[{"@type":"SearchAction","target":{"@type":"EntryPoint","urlTemplate":"https:\/\/botrange.be\/de\/?s={search_term_string}"},"query-input":{"@type":"PropertyValueSpecification","valueRequired":true,"valueName":"search_term_string"}}],"inLanguage":"de"},{"@type":"Organization","@id":"https:\/\/botrange.be\/de\/#organization","name":"Parc naturel Hautes Fagnes-Eifel","url":"https:\/\/botrange.be\/de\/","logo":{"@type":"ImageObject","inLanguage":"de","@id":"https:\/\/botrange.be\/de\/#\/schema\/logo\/image\/","url":"https:\/\/botrange.be\/wp-content\/uploads\/2021\/06\/logo.svg","contentUrl":"https:\/\/botrange.be\/wp-content\/uploads\/2021\/06\/logo.svg","caption":"Parc naturel Hautes Fagnes-Eifel"},"image":{"@id":"https:\/\/botrange.be\/de\/#\/schema\/logo\/image\/"}},{"@type":"Person","@id":"https:\/\/botrange.be\/de\/#\/schema\/person\/cd9bfa71b7963b5496571c7af67564f4","name":"Sarah Guillaume","image":{"@type":"ImageObject","inLanguage":"de","@id":"https:\/\/secure.gravatar.com\/avatar\/ae64a204312b121c4be37c9425ca7b7dcac4359d9937cadc2bc433abf5c14670?s=96&d=mm&r=g","url":"https:\/\/secure.gravatar.com\/avatar\/ae64a204312b121c4be37c9425ca7b7dcac4359d9937cadc2bc433abf5c14670?s=96&d=mm&r=g","contentUrl":"https:\/\/secure.gravatar.com\/avatar\/ae64a204312b121c4be37c9425ca7b7dcac4359d9937cadc2bc433abf5c14670?s=96&d=mm&r=g","caption":"Sarah Guillaume"},"url":"https:\/\/botrange.be\/de\/author\/sarah\/"}]}},"_links":{"self":[{"href":"https:\/\/botrange.be\/de\/wp-json\/wp\/v2\/posts\/12519","targetHints":{"allow":["GET"]}}],"collection":[{"href":"https:\/\/botrange.be\/de\/wp-json\/wp\/v2\/posts"}],"about":[{"href":"https:\/\/botrange.be\/de\/wp-json\/wp\/v2\/types\/post"}],"author":[{"embeddable":true,"href":"https:\/\/botrange.be\/de\/wp-json\/wp\/v2\/users\/13"}],"replies":[{"embeddable":true,"href":"https:\/\/botrange.be\/de\/wp-json\/wp\/v2\/comments?post=12519"}],"version-history":[{"count":4,"href":"https:\/\/botrange.be\/de\/wp-json\/wp\/v2\/posts\/12519\/revisions"}],"predecessor-version":[{"id":12528,"href":"https:\/\/botrange.be\/de\/wp-json\/wp\/v2\/posts\/12519\/revisions\/12528"}],"wp:featuredmedia":[{"embeddable":true,"href":"https:\/\/botrange.be\/de\/wp-json\/wp\/v2\/media\/12517"}],"wp:attachment":[{"href":"https:\/\/botrange.be\/de\/wp-json\/wp\/v2\/media?parent=12519"}],"wp:term":[{"taxonomy":"category","embeddable":true,"href":"https:\/\/botrange.be\/de\/wp-json\/wp\/v2\/categories?post=12519"},{"taxonomy":"post_tag","embeddable":true,"href":"https:\/\/botrange.be\/de\/wp-json\/wp\/v2\/tags?post=12519"}],"curies":[{"name":"wp","href":"https:\/\/api.w.org\/{rel}","templated":true}]}}