{"id":15045,"date":"2025-08-20T12:38:48","date_gmt":"2025-08-20T10:38:48","guid":{"rendered":"https:\/\/botrange.be\/2025\/08\/20\/strassenarbeiten-auf-der-n68-eupen-malmedy-25-august-8-september\/"},"modified":"2025-08-20T12:38:48","modified_gmt":"2025-08-20T10:38:48","slug":"strassenarbeiten-auf-der-n68-eupen-malmedy-25-august-8-september","status":"publish","type":"post","link":"https:\/\/botrange.be\/de\/2025\/08\/20\/strassenarbeiten-auf-der-n68-eupen-malmedy-25-august-8-september\/","title":{"rendered":"Stra\u00dfenarbeiten auf der N68 (Eupen\u2013Malmedy): 25. August &#8211; 8. September"},"content":{"rendered":"<p>Ab Montag, den 25.08., wird die N68 wegen Bauarbeiten des SPW f\u00fcr 15 Tage gesperrt.<\/p>\n<p>\u27a1\ufe0f Die Zufahrt nach dem Naturparkzentrum &#8211; Botrange \u00fcber Eupen ist nicht m\u00f6glich.<br \/>\n\u27a1\ufe0f Bitte nutzen Sie stattdessen die N672 \u00fcber Jalhay, die N68 \u00fcber Malmedy oder die N676 Sourbrodt.<\/p>\n<p>Wir sind nicht f\u00fcr diese Arbeiten verantwortlich, m\u00f6chten Sie aber rechtzeitig informieren, damit Sie Ihre Anfahrt problemlos planen k\u00f6nnen.<\/p>\n","protected":false},"excerpt":{"rendered":"<p class=\"excerpt\">Ab Montag, den 25.08., wird die N68 wegen Bauarbeiten des SPW f\u00fcr 15 Tage gesperrt. \u27a1\ufe0f Die Zufahrt nach dem Naturparkzentrum &#8211; Botrange \u00fcber Eupen ist nicht m\u00f6glich. \u27a1\ufe0f Bitte [&hellip;]<\/p>\n","protected":false},"author":13,"featured_media":15043,"comment_status":"closed","ping_status":"open","sticky":false,"template":"","format":"standard","meta":{"_acf_changed":false,"inline_featured_image":false,"_monsterinsights_skip_tracking":false,"_monsterinsights_sitenote_active":false,"_monsterinsights_sitenote_note":"","_monsterinsights_sitenote_category":0,"footnotes":""},"categories":[2],"tags":[],"class_list":["post-15045","post","type-post","status-publish","format-standard","has-post-thumbnail","hentry","category-unkategorisiert"],"acf":[],"yoast_head":"<!-- This site is optimized with the Yoast SEO plugin v27.4 - https:\/\/yoast.com\/product\/yoast-seo-wordpress\/ -->\n<title>Stra\u00dfenarbeiten auf der N68 (Eupen\u2013Malmedy): 25. August - 8. September - Parc naturel Hautes Fagnes-Eifel<\/title>\n<meta name=\"robots\" content=\"index, follow, max-snippet:-1, max-image-preview:large, max-video-preview:-1\" \/>\n<link rel=\"canonical\" href=\"https:\/\/botrange.be\/de\/2025\/08\/20\/strassenarbeiten-auf-der-n68-eupen-malmedy-25-august-8-september\/\" \/>\n<meta property=\"og:locale\" content=\"de_DE\" \/>\n<meta property=\"og:type\" content=\"article\" \/>\n<meta property=\"og:title\" content=\"Stra\u00dfenarbeiten auf der N68 (Eupen\u2013Malmedy): 25. August - 8. September - Parc naturel Hautes Fagnes-Eifel\" \/>\n<meta property=\"og:description\" content=\"Ab Montag, den 25.08., wird die N68 wegen Bauarbeiten des SPW f\u00fcr 15 Tage gesperrt. \u27a1\ufe0f Die Zufahrt nach dem Naturparkzentrum &#8211; Botrange \u00fcber Eupen ist nicht m\u00f6glich. \u27a1\ufe0f Bitte [&hellip;]\" \/>\n<meta property=\"og:url\" content=\"https:\/\/botrange.be\/de\/2025\/08\/20\/strassenarbeiten-auf-der-n68-eupen-malmedy-25-august-8-september\/\" \/>\n<meta property=\"og:site_name\" content=\"Parc naturel Hautes Fagnes-Eifel\" \/>\n<meta property=\"article:published_time\" content=\"2025-08-20T10:38:48+00:00\" \/>\n<meta property=\"og:image\" content=\"https:\/\/botrange.be\/wp-content\/uploads\/2025\/08\/534872862_1190642696431284_4699073991482955122_n.jpg\" \/>\n\t<meta property=\"og:image:width\" content=\"940\" \/>\n\t<meta property=\"og:image:height\" content=\"788\" \/>\n\t<meta property=\"og:image:type\" content=\"image\/jpeg\" \/>\n<meta name=\"author\" content=\"Sarah Guillaume\" \/>\n<meta name=\"twitter:card\" content=\"summary_large_image\" \/>\n<meta name=\"twitter:label1\" content=\"Verfasst von\" \/>\n\t<meta name=\"twitter:data1\" content=\"Sarah Guillaume\" \/>\n<script type=\"application\/ld+json\" class=\"yoast-schema-graph\">{\"@context\":\"https:\\\/\\\/schema.org\",\"@graph\":[{\"@type\":\"Article\",\"@id\":\"https:\\\/\\\/botrange.be\\\/de\\\/2025\\\/08\\\/20\\\/strassenarbeiten-auf-der-n68-eupen-malmedy-25-august-8-september\\\/#article\",\"isPartOf\":{\"@id\":\"https:\\\/\\\/botrange.be\\\/de\\\/2025\\\/08\\\/20\\\/strassenarbeiten-auf-der-n68-eupen-malmedy-25-august-8-september\\\/\"},\"author\":{\"name\":\"Sarah Guillaume\",\"@id\":\"https:\\\/\\\/botrange.be\\\/de\\\/#\\\/schema\\\/person\\\/cd9bfa71b7963b5496571c7af67564f4\"},\"headline\":\"Stra\u00dfenarbeiten auf der N68 (Eupen\u2013Malmedy): 25. August &#8211; 8. September\",\"datePublished\":\"2025-08-20T10:38:48+00:00\",\"mainEntityOfPage\":{\"@id\":\"https:\\\/\\\/botrange.be\\\/de\\\/2025\\\/08\\\/20\\\/strassenarbeiten-auf-der-n68-eupen-malmedy-25-august-8-september\\\/\"},\"wordCount\":75,\"publisher\":{\"@id\":\"https:\\\/\\\/botrange.be\\\/de\\\/#organization\"},\"image\":{\"@id\":\"https:\\\/\\\/botrange.be\\\/de\\\/2025\\\/08\\\/20\\\/strassenarbeiten-auf-der-n68-eupen-malmedy-25-august-8-september\\\/#primaryimage\"},\"thumbnailUrl\":\"https:\\\/\\\/botrange.be\\\/wp-content\\\/uploads\\\/2025\\\/08\\\/534872862_1190642696431284_4699073991482955122_n.jpg\",\"articleSection\":[\"Unkategorisiert\"],\"inLanguage\":\"de\"},{\"@type\":\"WebPage\",\"@id\":\"https:\\\/\\\/botrange.be\\\/de\\\/2025\\\/08\\\/20\\\/strassenarbeiten-auf-der-n68-eupen-malmedy-25-august-8-september\\\/\",\"url\":\"https:\\\/\\\/botrange.be\\\/de\\\/2025\\\/08\\\/20\\\/strassenarbeiten-auf-der-n68-eupen-malmedy-25-august-8-september\\\/\",\"name\":\"Stra\u00dfenarbeiten auf der N68 (Eupen\u2013Malmedy): 25. August - 8. September - Parc naturel Hautes Fagnes-Eifel\",\"isPartOf\":{\"@id\":\"https:\\\/\\\/botrange.be\\\/de\\\/#website\"},\"primaryImageOfPage\":{\"@id\":\"https:\\\/\\\/botrange.be\\\/de\\\/2025\\\/08\\\/20\\\/strassenarbeiten-auf-der-n68-eupen-malmedy-25-august-8-september\\\/#primaryimage\"},\"image\":{\"@id\":\"https:\\\/\\\/botrange.be\\\/de\\\/2025\\\/08\\\/20\\\/strassenarbeiten-auf-der-n68-eupen-malmedy-25-august-8-september\\\/#primaryimage\"},\"thumbnailUrl\":\"https:\\\/\\\/botrange.be\\\/wp-content\\\/uploads\\\/2025\\\/08\\\/534872862_1190642696431284_4699073991482955122_n.jpg\",\"datePublished\":\"2025-08-20T10:38:48+00:00\",\"breadcrumb\":{\"@id\":\"https:\\\/\\\/botrange.be\\\/de\\\/2025\\\/08\\\/20\\\/strassenarbeiten-auf-der-n68-eupen-malmedy-25-august-8-september\\\/#breadcrumb\"},\"inLanguage\":\"de\",\"potentialAction\":[{\"@type\":\"ReadAction\",\"target\":[\"https:\\\/\\\/botrange.be\\\/de\\\/2025\\\/08\\\/20\\\/strassenarbeiten-auf-der-n68-eupen-malmedy-25-august-8-september\\\/\"]}]},{\"@type\":\"ImageObject\",\"inLanguage\":\"de\",\"@id\":\"https:\\\/\\\/botrange.be\\\/de\\\/2025\\\/08\\\/20\\\/strassenarbeiten-auf-der-n68-eupen-malmedy-25-august-8-september\\\/#primaryimage\",\"url\":\"https:\\\/\\\/botrange.be\\\/wp-content\\\/uploads\\\/2025\\\/08\\\/534872862_1190642696431284_4699073991482955122_n.jpg\",\"contentUrl\":\"https:\\\/\\\/botrange.be\\\/wp-content\\\/uploads\\\/2025\\\/08\\\/534872862_1190642696431284_4699073991482955122_n.jpg\",\"width\":940,\"height\":788},{\"@type\":\"BreadcrumbList\",\"@id\":\"https:\\\/\\\/botrange.be\\\/de\\\/2025\\\/08\\\/20\\\/strassenarbeiten-auf-der-n68-eupen-malmedy-25-august-8-september\\\/#breadcrumb\",\"itemListElement\":[{\"@type\":\"ListItem\",\"position\":1,\"name\":\"Accueil\",\"item\":\"https:\\\/\\\/botrange.be\\\/de\\\/\"},{\"@type\":\"ListItem\",\"position\":2,\"name\":\"Stra\u00dfenarbeiten auf der N68 (Eupen\u2013Malmedy): 25. August &#8211; 8. September\"}]},{\"@type\":\"WebSite\",\"@id\":\"https:\\\/\\\/botrange.be\\\/de\\\/#website\",\"url\":\"https:\\\/\\\/botrange.be\\\/de\\\/\",\"name\":\"Parc naturel Hautes Fagnes-Eifel\",\"description\":\"50 ANS 1971-2021\",\"publisher\":{\"@id\":\"https:\\\/\\\/botrange.be\\\/de\\\/#organization\"},\"potentialAction\":[{\"@type\":\"SearchAction\",\"target\":{\"@type\":\"EntryPoint\",\"urlTemplate\":\"https:\\\/\\\/botrange.be\\\/de\\\/?s={search_term_string}\"},\"query-input\":{\"@type\":\"PropertyValueSpecification\",\"valueRequired\":true,\"valueName\":\"search_term_string\"}}],\"inLanguage\":\"de\"},{\"@type\":\"Organization\",\"@id\":\"https:\\\/\\\/botrange.be\\\/de\\\/#organization\",\"name\":\"Parc naturel Hautes Fagnes-Eifel\",\"url\":\"https:\\\/\\\/botrange.be\\\/de\\\/\",\"logo\":{\"@type\":\"ImageObject\",\"inLanguage\":\"de\",\"@id\":\"https:\\\/\\\/botrange.be\\\/de\\\/#\\\/schema\\\/logo\\\/image\\\/\",\"url\":\"https:\\\/\\\/botrange.be\\\/wp-content\\\/uploads\\\/2021\\\/06\\\/logo.svg\",\"contentUrl\":\"https:\\\/\\\/botrange.be\\\/wp-content\\\/uploads\\\/2021\\\/06\\\/logo.svg\",\"caption\":\"Parc naturel Hautes Fagnes-Eifel\"},\"image\":{\"@id\":\"https:\\\/\\\/botrange.be\\\/de\\\/#\\\/schema\\\/logo\\\/image\\\/\"}},{\"@type\":\"Person\",\"@id\":\"https:\\\/\\\/botrange.be\\\/de\\\/#\\\/schema\\\/person\\\/cd9bfa71b7963b5496571c7af67564f4\",\"name\":\"Sarah Guillaume\",\"image\":{\"@type\":\"ImageObject\",\"inLanguage\":\"de\",\"@id\":\"https:\\\/\\\/secure.gravatar.com\\\/avatar\\\/ae64a204312b121c4be37c9425ca7b7dcac4359d9937cadc2bc433abf5c14670?s=96&d=mm&r=g\",\"url\":\"https:\\\/\\\/secure.gravatar.com\\\/avatar\\\/ae64a204312b121c4be37c9425ca7b7dcac4359d9937cadc2bc433abf5c14670?s=96&d=mm&r=g\",\"contentUrl\":\"https:\\\/\\\/secure.gravatar.com\\\/avatar\\\/ae64a204312b121c4be37c9425ca7b7dcac4359d9937cadc2bc433abf5c14670?s=96&d=mm&r=g\",\"caption\":\"Sarah Guillaume\"},\"url\":\"https:\\\/\\\/botrange.be\\\/de\\\/author\\\/sarah\\\/\"}]}<\/script>\n<!-- \/ Yoast SEO plugin. -->","yoast_head_json":{"title":"Stra\u00dfenarbeiten auf der N68 (Eupen\u2013Malmedy): 25. August - 8. September - Parc naturel Hautes Fagnes-Eifel","robots":{"index":"index","follow":"follow","max-snippet":"max-snippet:-1","max-image-preview":"max-image-preview:large","max-video-preview":"max-video-preview:-1"},"canonical":"https:\/\/botrange.be\/de\/2025\/08\/20\/strassenarbeiten-auf-der-n68-eupen-malmedy-25-august-8-september\/","og_locale":"de_DE","og_type":"article","og_title":"Stra\u00dfenarbeiten auf der N68 (Eupen\u2013Malmedy): 25. August - 8. September - Parc naturel Hautes Fagnes-Eifel","og_description":"Ab Montag, den 25.08., wird die N68 wegen Bauarbeiten des SPW f\u00fcr 15 Tage gesperrt. \u27a1\ufe0f Die Zufahrt nach dem Naturparkzentrum &#8211; Botrange \u00fcber Eupen ist nicht m\u00f6glich. \u27a1\ufe0f Bitte [&hellip;]","og_url":"https:\/\/botrange.be\/de\/2025\/08\/20\/strassenarbeiten-auf-der-n68-eupen-malmedy-25-august-8-september\/","og_site_name":"Parc naturel Hautes Fagnes-Eifel","article_published_time":"2025-08-20T10:38:48+00:00","og_image":[{"width":940,"height":788,"url":"https:\/\/botrange.be\/wp-content\/uploads\/2025\/08\/534872862_1190642696431284_4699073991482955122_n.jpg","type":"image\/jpeg"}],"author":"Sarah Guillaume","twitter_card":"summary_large_image","twitter_misc":{"Verfasst von":"Sarah Guillaume"},"schema":{"@context":"https:\/\/schema.org","@graph":[{"@type":"Article","@id":"https:\/\/botrange.be\/de\/2025\/08\/20\/strassenarbeiten-auf-der-n68-eupen-malmedy-25-august-8-september\/#article","isPartOf":{"@id":"https:\/\/botrange.be\/de\/2025\/08\/20\/strassenarbeiten-auf-der-n68-eupen-malmedy-25-august-8-september\/"},"author":{"name":"Sarah Guillaume","@id":"https:\/\/botrange.be\/de\/#\/schema\/person\/cd9bfa71b7963b5496571c7af67564f4"},"headline":"Stra\u00dfenarbeiten auf der N68 (Eupen\u2013Malmedy): 25. August &#8211; 8. September","datePublished":"2025-08-20T10:38:48+00:00","mainEntityOfPage":{"@id":"https:\/\/botrange.be\/de\/2025\/08\/20\/strassenarbeiten-auf-der-n68-eupen-malmedy-25-august-8-september\/"},"wordCount":75,"publisher":{"@id":"https:\/\/botrange.be\/de\/#organization"},"image":{"@id":"https:\/\/botrange.be\/de\/2025\/08\/20\/strassenarbeiten-auf-der-n68-eupen-malmedy-25-august-8-september\/#primaryimage"},"thumbnailUrl":"https:\/\/botrange.be\/wp-content\/uploads\/2025\/08\/534872862_1190642696431284_4699073991482955122_n.jpg","articleSection":["Unkategorisiert"],"inLanguage":"de"},{"@type":"WebPage","@id":"https:\/\/botrange.be\/de\/2025\/08\/20\/strassenarbeiten-auf-der-n68-eupen-malmedy-25-august-8-september\/","url":"https:\/\/botrange.be\/de\/2025\/08\/20\/strassenarbeiten-auf-der-n68-eupen-malmedy-25-august-8-september\/","name":"Stra\u00dfenarbeiten auf der N68 (Eupen\u2013Malmedy): 25. August - 8. September - Parc naturel Hautes Fagnes-Eifel","isPartOf":{"@id":"https:\/\/botrange.be\/de\/#website"},"primaryImageOfPage":{"@id":"https:\/\/botrange.be\/de\/2025\/08\/20\/strassenarbeiten-auf-der-n68-eupen-malmedy-25-august-8-september\/#primaryimage"},"image":{"@id":"https:\/\/botrange.be\/de\/2025\/08\/20\/strassenarbeiten-auf-der-n68-eupen-malmedy-25-august-8-september\/#primaryimage"},"thumbnailUrl":"https:\/\/botrange.be\/wp-content\/uploads\/2025\/08\/534872862_1190642696431284_4699073991482955122_n.jpg","datePublished":"2025-08-20T10:38:48+00:00","breadcrumb":{"@id":"https:\/\/botrange.be\/de\/2025\/08\/20\/strassenarbeiten-auf-der-n68-eupen-malmedy-25-august-8-september\/#breadcrumb"},"inLanguage":"de","potentialAction":[{"@type":"ReadAction","target":["https:\/\/botrange.be\/de\/2025\/08\/20\/strassenarbeiten-auf-der-n68-eupen-malmedy-25-august-8-september\/"]}]},{"@type":"ImageObject","inLanguage":"de","@id":"https:\/\/botrange.be\/de\/2025\/08\/20\/strassenarbeiten-auf-der-n68-eupen-malmedy-25-august-8-september\/#primaryimage","url":"https:\/\/botrange.be\/wp-content\/uploads\/2025\/08\/534872862_1190642696431284_4699073991482955122_n.jpg","contentUrl":"https:\/\/botrange.be\/wp-content\/uploads\/2025\/08\/534872862_1190642696431284_4699073991482955122_n.jpg","width":940,"height":788},{"@type":"BreadcrumbList","@id":"https:\/\/botrange.be\/de\/2025\/08\/20\/strassenarbeiten-auf-der-n68-eupen-malmedy-25-august-8-september\/#breadcrumb","itemListElement":[{"@type":"ListItem","position":1,"name":"Accueil","item":"https:\/\/botrange.be\/de\/"},{"@type":"ListItem","position":2,"name":"Stra\u00dfenarbeiten auf der N68 (Eupen\u2013Malmedy): 25. August &#8211; 8. September"}]},{"@type":"WebSite","@id":"https:\/\/botrange.be\/de\/#website","url":"https:\/\/botrange.be\/de\/","name":"Parc naturel Hautes Fagnes-Eifel","description":"50 ANS 1971-2021","publisher":{"@id":"https:\/\/botrange.be\/de\/#organization"},"potentialAction":[{"@type":"SearchAction","target":{"@type":"EntryPoint","urlTemplate":"https:\/\/botrange.be\/de\/?s={search_term_string}"},"query-input":{"@type":"PropertyValueSpecification","valueRequired":true,"valueName":"search_term_string"}}],"inLanguage":"de"},{"@type":"Organization","@id":"https:\/\/botrange.be\/de\/#organization","name":"Parc naturel Hautes Fagnes-Eifel","url":"https:\/\/botrange.be\/de\/","logo":{"@type":"ImageObject","inLanguage":"de","@id":"https:\/\/botrange.be\/de\/#\/schema\/logo\/image\/","url":"https:\/\/botrange.be\/wp-content\/uploads\/2021\/06\/logo.svg","contentUrl":"https:\/\/botrange.be\/wp-content\/uploads\/2021\/06\/logo.svg","caption":"Parc naturel Hautes Fagnes-Eifel"},"image":{"@id":"https:\/\/botrange.be\/de\/#\/schema\/logo\/image\/"}},{"@type":"Person","@id":"https:\/\/botrange.be\/de\/#\/schema\/person\/cd9bfa71b7963b5496571c7af67564f4","name":"Sarah Guillaume","image":{"@type":"ImageObject","inLanguage":"de","@id":"https:\/\/secure.gravatar.com\/avatar\/ae64a204312b121c4be37c9425ca7b7dcac4359d9937cadc2bc433abf5c14670?s=96&d=mm&r=g","url":"https:\/\/secure.gravatar.com\/avatar\/ae64a204312b121c4be37c9425ca7b7dcac4359d9937cadc2bc433abf5c14670?s=96&d=mm&r=g","contentUrl":"https:\/\/secure.gravatar.com\/avatar\/ae64a204312b121c4be37c9425ca7b7dcac4359d9937cadc2bc433abf5c14670?s=96&d=mm&r=g","caption":"Sarah Guillaume"},"url":"https:\/\/botrange.be\/de\/author\/sarah\/"}]}},"_links":{"self":[{"href":"https:\/\/botrange.be\/de\/wp-json\/wp\/v2\/posts\/15045","targetHints":{"allow":["GET"]}}],"collection":[{"href":"https:\/\/botrange.be\/de\/wp-json\/wp\/v2\/posts"}],"about":[{"href":"https:\/\/botrange.be\/de\/wp-json\/wp\/v2\/types\/post"}],"author":[{"embeddable":true,"href":"https:\/\/botrange.be\/de\/wp-json\/wp\/v2\/users\/13"}],"replies":[{"embeddable":true,"href":"https:\/\/botrange.be\/de\/wp-json\/wp\/v2\/comments?post=15045"}],"version-history":[{"count":0,"href":"https:\/\/botrange.be\/de\/wp-json\/wp\/v2\/posts\/15045\/revisions"}],"wp:featuredmedia":[{"embeddable":true,"href":"https:\/\/botrange.be\/de\/wp-json\/wp\/v2\/media\/15043"}],"wp:attachment":[{"href":"https:\/\/botrange.be\/de\/wp-json\/wp\/v2\/media?parent=15045"}],"wp:term":[{"taxonomy":"category","embeddable":true,"href":"https:\/\/botrange.be\/de\/wp-json\/wp\/v2\/categories?post=15045"},{"taxonomy":"post_tag","embeddable":true,"href":"https:\/\/botrange.be\/de\/wp-json\/wp\/v2\/tags?post=15045"}],"curies":[{"name":"wp","href":"https:\/\/api.w.org\/{rel}","templated":true}]}}