{"id":23989,"date":"2026-09-04T21:56:41","date_gmt":"2026-09-04T19:56:41","guid":{"rendered":"https:\/\/botrange.be\/2026\/09\/04\/spadel-stellt-eine-million-euro-zur-unterstuetzung-der-wiederherstellung-und-resilienz-des-hohen-venns-bereit\/"},"modified":"2026-09-04T21:58:31","modified_gmt":"2026-09-04T19:58:31","slug":"spadel-stellt-eine-million-euro-zur-unterstuetzung-der-wiederherstellung-und-resilienz-des-hohen-venns-bereit","status":"publish","type":"post","link":"https:\/\/botrange.be\/de\/2026\/09\/04\/spadel-stellt-eine-million-euro-zur-unterstuetzung-der-wiederherstellung-und-resilienz-des-hohen-venns-bereit\/","title":{"rendered":"Spadel stellt eine Million Euro zur Unterst\u00fctzung der Wiederherstellung und Resilienz des Hohen Venns bereit"},"content":{"rendered":"<p><strong>Spa, 2. September 2026<\/strong> \u2013 Nach dem schweren Brand, der das Hohe Venn getroffen hat, k\u00fcndigt die Spadel Gruppe, Eigent\u00fcmerin der nat\u00fcrlichen Mineralwassermarken SPA und BRU in den Benelux-L\u00e4ndern, eine au\u00dfergew\u00f6hnliche Unterst\u00fctzung in H\u00f6he von <strong>einer Million Euro f\u00fcr den Naturpark Hohes Venn-Eifel<\/strong> an.<\/p>\n<p>Diese Finanzierung wird insbesondere zur Bewertung der Sch\u00e4den und zur Wiederherstellung der \u00d6kosysteme in der Region beitragen. Die Initiative steht im Einklang mit dem Engagement der Gruppe, jedes Jahr <strong>5 % ihres Nettogewinns in lokale Ma\u00dfnahmen mit positiver Wirkung zu investieren<\/strong>.<\/p>\n<h2>Der Schutz des Hohen Venns ist eng mit der Geschichte des Spa-Wassers verbunden<\/h2>\n<p>Der Erhalt der Naturr\u00e4ume des Hohen Venns ist untrennbar mit der Geschichte des Spa-Wassers verbunden. Seit mehr als einem Jahrhundert tr\u00e4gt diese au\u00dfergew\u00f6hnliche Landschaft dazu bei, die Reinheit seines nat\u00fcrlichen Mineralwassers zu bewahren.<\/p>\n<p>Obwohl der Brand, der Teile des Hohen Venns verw\u00fcstet hat, weder die Wassergewinnungsgebiete noch die Produktionskapazit\u00e4ten von Spadel beeintr\u00e4chtigt hat, wollte sich die Spadel Gruppe von Beginn an gemeinsam mit den lokalen Akteuren engagieren.<\/p>\n<p>Nachdem das Unternehmen die Einsatzkr\u00e4fte, die an der Brandbek\u00e4mpfung beteiligt waren, mit Wasserflaschen und nat\u00fcrlichen Energydrinks versorgt hatte, m\u00f6chte es nun auch konkrete finanzielle Unterst\u00fctzung f\u00fcr die Wiederherstellung dieses einzigartigen Naturerbes leisten.<\/p>\n<p>Als Reaktion auf den Solidarit\u00e4tsaufruf des Naturparks Hohes Venn-Eifel, der gemeinsam mit der <em>F\u00e9d\u00e9ration des Parcs naturels de Wallonie<\/em> (F\u00f6deration der Naturparks der Wallonie) und dem Fonds \u201e<em>Les ami.e.s des Parcs naturels de Wallonie<\/em>\u201c (\u201eDie Freunde der Naturparks der Wallonie\u201c) ins Leben gerufen wurde, hat die Spadel Gruppe beschlossen, <strong>eine Million Euro bereitzustellen<\/strong>, um Ma\u00dfnahmen zur Wiederherstellung und zum Schutz der betroffenen Gebiete zu unterst\u00fctzen.<\/p>\n<blockquote><p><strong>\u201eDas Hohe Venn ist ein au\u00dfergew\u00f6hnliches Naturerbe. Angesichts des Ausma\u00dfes der durch dieses Feuer verursachten Sch\u00e4den erschien es uns selbstverst\u00e4ndlich, unseren Nachbarn zu helfen und zum gemeinsamen Wiederaufbau beizutragen. Dar\u00fcber hinaus wollen wir unser Engagement f\u00fcr die Resilienz dieser \u00d6kosysteme weiter verst\u00e4rken, da sie eine wesentliche Rolle f\u00fcr die Biodiversit\u00e4t und den Schutz der Wasserressourcen unserer Region spielen.\u201c<\/strong><\/p>\n<p>\u2014 <em>Marc du Bois, CEO der Spadel Gruppe<\/em><\/p><\/blockquote>\n<blockquote><p><strong>\u201eWasser und das Hohe Venn sind eng miteinander verbunden, und wir freuen uns sehr, dass sich Spadel an der Seite der Region engagiert. Diese Unterst\u00fctzung wird es uns erm\u00f6glichen, Kr\u00e4fte zu b\u00fcndeln und gemeinsam mit den zust\u00e4ndigen Akteuren an der Wiederherstellung der betroffenen Naturr\u00e4ume sowie an der St\u00e4rkung ihrer Resilienz zu arbeiten.\u201c<\/strong><\/p>\n<p>\u2014 <em>Donovan Niessen, Pr\u00e4sident der Verwaltungskommission des Naturparks Hohes Venn-Eifel<\/em><\/p><\/blockquote>\n<h2>Wiederherstellung der \u00d6kosysteme und St\u00e4rkung ihrer Resilienz<\/h2>\n<p>Zun\u00e4chst soll der von Spadel bereitgestellte Betrag die <strong>Bewertung der Sch\u00e4den an den \u00d6kosystemen des Hohen Venns<\/strong> begleiten und vor allem deren Regeneration und Wiederherstellung unterst\u00fctzen.<\/p>\n<p>Obwohl die vorrangigen Bed\u00fcrfnisse noch genau bewertet werden m\u00fcssen, beabsichtigt Spadel, eng mit den Akteuren vor Ort zusammenzuarbeiten, um die sinnvollsten Ma\u00dfnahmen f\u00fcr eine nachhaltige Wiederherstellung des Hohen Venns zu identifizieren und zu unterst\u00fctzen.<\/p>\n<p>Langfristig geht es zudem darum, <strong>Pr\u00e4ventions- und Resilienzma\u00dfnahmen zu st\u00e4rken<\/strong>, um das Risiko zuk\u00fcnftiger Br\u00e4nde zu begrenzen.<\/p>\n<blockquote><p><strong>\u201eDer Brand im Hohen Venn zeigt, dass das Risiko gro\u00dffl\u00e4chiger Feuer inzwischen zu den Realit\u00e4ten geh\u00f6rt, mit denen unsere Region umgehen muss. \u00dcber die Unterst\u00fctzung des Naturparks Hohes Venn-Eifel hinaus sind wir auch bereit, mit den zust\u00e4ndigen Beh\u00f6rden und Rettungsdiensten zusammenzuarbeiten, um die Pr\u00e4ventions- und Schutzma\u00dfnahmen in der Region und rund um unsere Wassergewinnungsgebiete weiterzuentwickeln.\u201c<\/strong><\/p>\n<p>\u2014 <em>Marc du Bois, CEO der Spadel Gruppe<\/em><\/p><\/blockquote>\n<h2>Ein langj\u00e4hriges Engagement f\u00fcr den Schutz der \u00d6kosysteme<\/h2>\n<p>Die Spadel Gruppe verf\u00fcgt \u00fcber umfangreiche Erfahrung bei der Unterst\u00fctzung von Initiativen zum Schutz nat\u00fcrlicher Ressourcen.<\/p>\n<p>Vor einigen Jahren war Spadel unter anderem Partner des europ\u00e4ischen Projekts <em>LIFE Ardenne Li\u00e9geoise<\/em>, das die Wiederherstellung und den Schutz nat\u00fcrlicher Lebensr\u00e4ume und Moore zwischen dem Hohen Venn und dem <em>Plateau des Tailles<\/em> (Hochebene von Tailles) zum Ziel hatte.<\/p>\n<p>Dar\u00fcber hinaus beteiligte sich Spadel aktiv an einem Projekt zum Schutz und zur Wiederansiedlung des <strong>Birkhuhns<\/strong>, einer der symboltr\u00e4chtigsten Arten des Hohen Venns.<\/p>\n<p>Au\u00dferdem war die Gruppe einer der Initiatoren des <em>Parc naturel des Sources<\/em> (Naturpark der Quellen), der sich \u00fcber die Gemeinden Spa und Stoumont erstreckt und in dem sich die Schutzzonen der Wassergewinnungsgebiete von SPA und BRU befinden.<\/p>\n<p>Im Juni 2025 k\u00fcndigte das Unternehmen zudem eine <strong>Finanzierung von 750.000 Euro f\u00fcr den Parc naturel des Sources<\/strong> an, um Ma\u00dfnahmen im Bereich der regenerativen Hydrologie zu unterst\u00fctzen.<\/p>\n<p>Dieser Ansatz zielt darauf ab, den nat\u00fcrlichen Wasserkreislauf wiederherzustellen, die Biodiversit\u00e4t zu f\u00f6rdern und die Widerstandsf\u00e4higkeit der Gebiete gegen\u00fcber den Folgen des Klimawandels zu st\u00e4rken.<\/p>\n<p>Zu den unterst\u00fctzten Ma\u00dfnahmen geh\u00f6ren unter anderem:<\/p>\n<ul>\n<li>die Renaturierung von Wasserl\u00e4ufen;<\/li>\n<li>die Verbesserung der nat\u00fcrlichen Wasserinfiltration in B\u00f6den;<\/li>\n<li>die Schaffung von Einrichtungen zur Verlangsamung von Wasserabfl\u00fcssen.<\/li>\n<\/ul>\n<p>Diese Initiativen bringen konkrete Vorteile f\u00fcr lokale \u00d6kosysteme, die Biodiversit\u00e4t und den nachhaltigen Schutz der Wasserressourcen.<\/p>\n<p>Durch die F\u00f6rderung einer besseren Versickerung des Wassers im Boden tr\u00e4gt die regenerative Hydrologie au\u00dferdem dazu bei, <strong>sowohl D\u00fcrren als auch \u00dcberschwemmungen zu bek\u00e4mpfen<\/strong>.<\/p>\n<h2>5 % des Nettogewinns f\u00fcr lokale Initiativen<\/h2>\n<p>All diese Engagements verdeutlichen den Willen der Spadel Gruppe, jedes Jahr <strong>5 % ihres Nettogewinns in lokale Initiativen mit \u00f6kologischem und gesellschaftlichem Mehrwert zu reinvestieren<\/strong>.<\/p>\n","protected":false},"excerpt":{"rendered":"<p>Spa, 2. September 2026 \u2013 Nach dem schweren Brand, der das Hohe Venn getroffen hat, k\u00fcndigt die Spadel Gruppe, Eigent\u00fcmerin der nat\u00fcrlichen Mineralwassermarken SPA und BRU in den Benelux-L\u00e4ndern, eine au\u00dfergew\u00f6hnliche Unterst\u00fctzung in H\u00f6he von einer Million Euro f\u00fcr den Naturpark Hohes Venn-Eifel an. Diese Finanzierung wird insbesondere zur Bewertung der Sch\u00e4den und zur Wiederherstellung [&hellip;]<\/p>\n","protected":false},"author":13,"featured_media":23990,"comment_status":"closed","ping_status":"open","sticky":false,"template":"","format":"standard","meta":{"_acf_changed":false,"inline_featured_image":false,"_monsterinsights_skip_tracking":false,"footnotes":""},"categories":[2],"tags":[],"class_list":["post-23989","post","type-post","status-publish","format-standard","has-post-thumbnail","hentry","category-unkategorisiert"],"acf":[],"yoast_head":"<!-- This site is optimized with the Yoast SEO plugin v28.3 - https:\/\/yoast.com\/product\/yoast-seo-wordpress\/ -->\n<title>Spadel stellt eine Million Euro zur Unterst\u00fctzung der Wiederherstellung und Resilienz des Hohen Venns bereit - Parc naturel Hautes Fagnes-Eifel<\/title>\n<meta name=\"robots\" content=\"index, follow, max-snippet:-1, max-image-preview:large, max-video-preview:-1\" \/>\n<link rel=\"canonical\" href=\"https:\/\/botrange.be\/de\/2026\/09\/04\/spadel-stellt-eine-million-euro-zur-unterstuetzung-der-wiederherstellung-und-resilienz-des-hohen-venns-bereit\/\" \/>\n<meta property=\"og:locale\" content=\"de_DE\" \/>\n<meta property=\"og:type\" content=\"article\" \/>\n<meta property=\"og:title\" content=\"Spadel stellt eine Million Euro zur Unterst\u00fctzung der Wiederherstellung und Resilienz des Hohen Venns bereit - Parc naturel Hautes Fagnes-Eifel\" \/>\n<meta property=\"og:description\" content=\"Spa, 2. September 2026 \u2013 Nach dem schweren Brand, der das Hohe Venn getroffen hat, k\u00fcndigt die Spadel Gruppe, Eigent\u00fcmerin der nat\u00fcrlichen Mineralwassermarken SPA und BRU in den Benelux-L\u00e4ndern, eine au\u00dfergew\u00f6hnliche Unterst\u00fctzung in H\u00f6he von einer Million Euro f\u00fcr den Naturpark Hohes Venn-Eifel an. Diese Finanzierung wird insbesondere zur Bewertung der Sch\u00e4den und zur Wiederherstellung [&hellip;]\" \/>\n<meta property=\"og:url\" content=\"https:\/\/botrange.be\/de\/2026\/09\/04\/spadel-stellt-eine-million-euro-zur-unterstuetzung-der-wiederherstellung-und-resilienz-des-hohen-venns-bereit\/\" \/>\n<meta property=\"og:site_name\" content=\"Parc naturel Hautes Fagnes-Eifel\" \/>\n<meta property=\"article:published_time\" content=\"2026-09-04T19:56:41+00:00\" \/>\n<meta property=\"article:modified_time\" content=\"2026-09-04T19:58:31+00:00\" \/>\n<meta property=\"og:image\" content=\"https:\/\/botrange.be\/wp-content\/uploads\/2026\/09\/SPADEL-merci1.png\" \/>\n\t<meta property=\"og:image:width\" content=\"940\" \/>\n\t<meta property=\"og:image:height\" content=\"788\" \/>\n\t<meta property=\"og:image:type\" content=\"image\/png\" \/>\n<meta name=\"author\" content=\"Sarah Guillaume\" \/>\n<meta name=\"twitter:card\" content=\"summary_large_image\" \/>\n<meta name=\"twitter:label1\" content=\"Verfasst von\" \/>\n\t<meta name=\"twitter:data1\" content=\"Sarah Guillaume\" \/>\n\t<meta name=\"twitter:label2\" content=\"Gesch\u00e4tzte Lesezeit\" \/>\n\t<meta name=\"twitter:data2\" content=\"4\u00a0Minuten\" \/>\n<script type=\"application\/ld+json\" class=\"yoast-schema-graph\">{\"@context\":\"https:\\\/\\\/schema.org\",\"@graph\":[{\"@type\":\"Article\",\"@id\":\"https:\\\/\\\/botrange.be\\\/de\\\/2026\\\/09\\\/04\\\/spadel-stellt-eine-million-euro-zur-unterstuetzung-der-wiederherstellung-und-resilienz-des-hohen-venns-bereit\\\/#article\",\"isPartOf\":{\"@id\":\"https:\\\/\\\/botrange.be\\\/de\\\/2026\\\/09\\\/04\\\/spadel-stellt-eine-million-euro-zur-unterstuetzung-der-wiederherstellung-und-resilienz-des-hohen-venns-bereit\\\/\"},\"author\":{\"name\":\"Sarah Guillaume\",\"@id\":\"https:\\\/\\\/botrange.be\\\/de\\\/#\\\/schema\\\/person\\\/cd9bfa71b7963b5496571c7af67564f4\"},\"headline\":\"Spadel stellt eine Million Euro zur Unterst\u00fctzung der Wiederherstellung und Resilienz des Hohen Venns bereit\",\"datePublished\":\"2026-09-04T19:56:41+00:00\",\"dateModified\":\"2026-09-04T19:58:31+00:00\",\"mainEntityOfPage\":{\"@id\":\"https:\\\/\\\/botrange.be\\\/de\\\/2026\\\/09\\\/04\\\/spadel-stellt-eine-million-euro-zur-unterstuetzung-der-wiederherstellung-und-resilienz-des-hohen-venns-bereit\\\/\"},\"wordCount\":924,\"publisher\":{\"@id\":\"https:\\\/\\\/botrange.be\\\/de\\\/#organization\"},\"image\":{\"@id\":\"https:\\\/\\\/botrange.be\\\/de\\\/2026\\\/09\\\/04\\\/spadel-stellt-eine-million-euro-zur-unterstuetzung-der-wiederherstellung-und-resilienz-des-hohen-venns-bereit\\\/#primaryimage\"},\"thumbnailUrl\":\"https:\\\/\\\/botrange.be\\\/wp-content\\\/uploads\\\/2026\\\/09\\\/SPADEL-merci1.png\",\"articleSection\":[\"Unkategorisiert\"],\"inLanguage\":\"de\"},{\"@type\":\"WebPage\",\"@id\":\"https:\\\/\\\/botrange.be\\\/de\\\/2026\\\/09\\\/04\\\/spadel-stellt-eine-million-euro-zur-unterstuetzung-der-wiederherstellung-und-resilienz-des-hohen-venns-bereit\\\/\",\"url\":\"https:\\\/\\\/botrange.be\\\/de\\\/2026\\\/09\\\/04\\\/spadel-stellt-eine-million-euro-zur-unterstuetzung-der-wiederherstellung-und-resilienz-des-hohen-venns-bereit\\\/\",\"name\":\"Spadel stellt eine Million Euro zur Unterst\u00fctzung der Wiederherstellung und Resilienz des Hohen Venns bereit - Parc naturel Hautes Fagnes-Eifel\",\"isPartOf\":{\"@id\":\"https:\\\/\\\/botrange.be\\\/de\\\/#website\"},\"primaryImageOfPage\":{\"@id\":\"https:\\\/\\\/botrange.be\\\/de\\\/2026\\\/09\\\/04\\\/spadel-stellt-eine-million-euro-zur-unterstuetzung-der-wiederherstellung-und-resilienz-des-hohen-venns-bereit\\\/#primaryimage\"},\"image\":{\"@id\":\"https:\\\/\\\/botrange.be\\\/de\\\/2026\\\/09\\\/04\\\/spadel-stellt-eine-million-euro-zur-unterstuetzung-der-wiederherstellung-und-resilienz-des-hohen-venns-bereit\\\/#primaryimage\"},\"thumbnailUrl\":\"https:\\\/\\\/botrange.be\\\/wp-content\\\/uploads\\\/2026\\\/09\\\/SPADEL-merci1.png\",\"datePublished\":\"2026-09-04T19:56:41+00:00\",\"dateModified\":\"2026-09-04T19:58:31+00:00\",\"breadcrumb\":{\"@id\":\"https:\\\/\\\/botrange.be\\\/de\\\/2026\\\/09\\\/04\\\/spadel-stellt-eine-million-euro-zur-unterstuetzung-der-wiederherstellung-und-resilienz-des-hohen-venns-bereit\\\/#breadcrumb\"},\"inLanguage\":\"de\",\"potentialAction\":[{\"@type\":\"ReadAction\",\"target\":[\"https:\\\/\\\/botrange.be\\\/de\\\/2026\\\/09\\\/04\\\/spadel-stellt-eine-million-euro-zur-unterstuetzung-der-wiederherstellung-und-resilienz-des-hohen-venns-bereit\\\/\"]}]},{\"@type\":\"ImageObject\",\"inLanguage\":\"de\",\"@id\":\"https:\\\/\\\/botrange.be\\\/de\\\/2026\\\/09\\\/04\\\/spadel-stellt-eine-million-euro-zur-unterstuetzung-der-wiederherstellung-und-resilienz-des-hohen-venns-bereit\\\/#primaryimage\",\"url\":\"https:\\\/\\\/botrange.be\\\/wp-content\\\/uploads\\\/2026\\\/09\\\/SPADEL-merci1.png\",\"contentUrl\":\"https:\\\/\\\/botrange.be\\\/wp-content\\\/uploads\\\/2026\\\/09\\\/SPADEL-merci1.png\",\"width\":940,\"height\":788},{\"@type\":\"BreadcrumbList\",\"@id\":\"https:\\\/\\\/botrange.be\\\/de\\\/2026\\\/09\\\/04\\\/spadel-stellt-eine-million-euro-zur-unterstuetzung-der-wiederherstellung-und-resilienz-des-hohen-venns-bereit\\\/#breadcrumb\",\"itemListElement\":[{\"@type\":\"ListItem\",\"position\":1,\"name\":\"Accueil\",\"item\":\"https:\\\/\\\/botrange.be\\\/de\\\/\"},{\"@type\":\"ListItem\",\"position\":2,\"name\":\"Spadel stellt eine Million Euro zur Unterst\u00fctzung der Wiederherstellung und Resilienz des Hohen Venns bereit\"}]},{\"@type\":\"WebSite\",\"@id\":\"https:\\\/\\\/botrange.be\\\/de\\\/#website\",\"url\":\"https:\\\/\\\/botrange.be\\\/de\\\/\",\"name\":\"Parc naturel Hautes Fagnes-Eifel\",\"description\":\"50 ANS 1971-2021\",\"publisher\":{\"@id\":\"https:\\\/\\\/botrange.be\\\/de\\\/#organization\"},\"potentialAction\":[{\"@type\":\"SearchAction\",\"target\":{\"@type\":\"EntryPoint\",\"urlTemplate\":\"https:\\\/\\\/botrange.be\\\/de\\\/?s={search_term_string}\"},\"query-input\":{\"@type\":\"PropertyValueSpecification\",\"valueRequired\":true,\"valueName\":\"search_term_string\"}}],\"inLanguage\":\"de\"},{\"@type\":\"Organization\",\"@id\":\"https:\\\/\\\/botrange.be\\\/de\\\/#organization\",\"name\":\"Parc naturel Hautes Fagnes-Eifel\",\"url\":\"https:\\\/\\\/botrange.be\\\/de\\\/\",\"logo\":{\"@type\":\"ImageObject\",\"inLanguage\":\"de\",\"@id\":\"https:\\\/\\\/botrange.be\\\/de\\\/#\\\/schema\\\/logo\\\/image\\\/\",\"url\":\"https:\\\/\\\/botrange.be\\\/wp-content\\\/uploads\\\/2021\\\/06\\\/logo.svg\",\"contentUrl\":\"https:\\\/\\\/botrange.be\\\/wp-content\\\/uploads\\\/2021\\\/06\\\/logo.svg\",\"caption\":\"Parc naturel Hautes Fagnes-Eifel\"},\"image\":{\"@id\":\"https:\\\/\\\/botrange.be\\\/de\\\/#\\\/schema\\\/logo\\\/image\\\/\"}},{\"@type\":\"Person\",\"@id\":\"https:\\\/\\\/botrange.be\\\/de\\\/#\\\/schema\\\/person\\\/cd9bfa71b7963b5496571c7af67564f4\",\"name\":\"Sarah Guillaume\",\"image\":{\"@type\":\"ImageObject\",\"inLanguage\":\"de\",\"@id\":\"https:\\\/\\\/secure.gravatar.com\\\/avatar\\\/ae64a204312b121c4be37c9425ca7b7dcac4359d9937cadc2bc433abf5c14670?s=96&d=mm&r=g\",\"url\":\"https:\\\/\\\/secure.gravatar.com\\\/avatar\\\/ae64a204312b121c4be37c9425ca7b7dcac4359d9937cadc2bc433abf5c14670?s=96&d=mm&r=g\",\"contentUrl\":\"https:\\\/\\\/secure.gravatar.com\\\/avatar\\\/ae64a204312b121c4be37c9425ca7b7dcac4359d9937cadc2bc433abf5c14670?s=96&d=mm&r=g\",\"caption\":\"Sarah Guillaume\"},\"url\":\"https:\\\/\\\/botrange.be\\\/de\\\/author\\\/sarah\\\/\"}]}<\/script>\n<!-- \/ Yoast SEO plugin. -->","yoast_head_json":{"title":"Spadel stellt eine Million Euro zur Unterst\u00fctzung der Wiederherstellung und Resilienz des Hohen Venns bereit - Parc naturel Hautes Fagnes-Eifel","robots":{"index":"index","follow":"follow","max-snippet":"max-snippet:-1","max-image-preview":"max-image-preview:large","max-video-preview":"max-video-preview:-1"},"canonical":"https:\/\/botrange.be\/de\/2026\/09\/04\/spadel-stellt-eine-million-euro-zur-unterstuetzung-der-wiederherstellung-und-resilienz-des-hohen-venns-bereit\/","og_locale":"de_DE","og_type":"article","og_title":"Spadel stellt eine Million Euro zur Unterst\u00fctzung der Wiederherstellung und Resilienz des Hohen Venns bereit - Parc naturel Hautes Fagnes-Eifel","og_description":"Spa, 2. September 2026 \u2013 Nach dem schweren Brand, der das Hohe Venn getroffen hat, k\u00fcndigt die Spadel Gruppe, Eigent\u00fcmerin der nat\u00fcrlichen Mineralwassermarken SPA und BRU in den Benelux-L\u00e4ndern, eine au\u00dfergew\u00f6hnliche Unterst\u00fctzung in H\u00f6he von einer Million Euro f\u00fcr den Naturpark Hohes Venn-Eifel an. Diese Finanzierung wird insbesondere zur Bewertung der Sch\u00e4den und zur Wiederherstellung [&hellip;]","og_url":"https:\/\/botrange.be\/de\/2026\/09\/04\/spadel-stellt-eine-million-euro-zur-unterstuetzung-der-wiederherstellung-und-resilienz-des-hohen-venns-bereit\/","og_site_name":"Parc naturel Hautes Fagnes-Eifel","article_published_time":"2026-09-04T19:56:41+00:00","article_modified_time":"2026-09-04T19:58:31+00:00","og_image":[{"width":940,"height":788,"url":"https:\/\/botrange.be\/wp-content\/uploads\/2026\/09\/SPADEL-merci1.png","type":"image\/png"}],"author":"Sarah Guillaume","twitter_card":"summary_large_image","twitter_misc":{"Verfasst von":"Sarah Guillaume","Gesch\u00e4tzte Lesezeit":"4\u00a0Minuten"},"schema":{"@context":"https:\/\/schema.org","@graph":[{"@type":"Article","@id":"https:\/\/botrange.be\/de\/2026\/09\/04\/spadel-stellt-eine-million-euro-zur-unterstuetzung-der-wiederherstellung-und-resilienz-des-hohen-venns-bereit\/#article","isPartOf":{"@id":"https:\/\/botrange.be\/de\/2026\/09\/04\/spadel-stellt-eine-million-euro-zur-unterstuetzung-der-wiederherstellung-und-resilienz-des-hohen-venns-bereit\/"},"author":{"name":"Sarah Guillaume","@id":"https:\/\/botrange.be\/de\/#\/schema\/person\/cd9bfa71b7963b5496571c7af67564f4"},"headline":"Spadel stellt eine Million Euro zur Unterst\u00fctzung der Wiederherstellung und Resilienz des Hohen Venns bereit","datePublished":"2026-09-04T19:56:41+00:00","dateModified":"2026-09-04T19:58:31+00:00","mainEntityOfPage":{"@id":"https:\/\/botrange.be\/de\/2026\/09\/04\/spadel-stellt-eine-million-euro-zur-unterstuetzung-der-wiederherstellung-und-resilienz-des-hohen-venns-bereit\/"},"wordCount":924,"publisher":{"@id":"https:\/\/botrange.be\/de\/#organization"},"image":{"@id":"https:\/\/botrange.be\/de\/2026\/09\/04\/spadel-stellt-eine-million-euro-zur-unterstuetzung-der-wiederherstellung-und-resilienz-des-hohen-venns-bereit\/#primaryimage"},"thumbnailUrl":"https:\/\/botrange.be\/wp-content\/uploads\/2026\/09\/SPADEL-merci1.png","articleSection":["Unkategorisiert"],"inLanguage":"de"},{"@type":"WebPage","@id":"https:\/\/botrange.be\/de\/2026\/09\/04\/spadel-stellt-eine-million-euro-zur-unterstuetzung-der-wiederherstellung-und-resilienz-des-hohen-venns-bereit\/","url":"https:\/\/botrange.be\/de\/2026\/09\/04\/spadel-stellt-eine-million-euro-zur-unterstuetzung-der-wiederherstellung-und-resilienz-des-hohen-venns-bereit\/","name":"Spadel stellt eine Million Euro zur Unterst\u00fctzung der Wiederherstellung und Resilienz des Hohen Venns bereit - Parc naturel Hautes Fagnes-Eifel","isPartOf":{"@id":"https:\/\/botrange.be\/de\/#website"},"primaryImageOfPage":{"@id":"https:\/\/botrange.be\/de\/2026\/09\/04\/spadel-stellt-eine-million-euro-zur-unterstuetzung-der-wiederherstellung-und-resilienz-des-hohen-venns-bereit\/#primaryimage"},"image":{"@id":"https:\/\/botrange.be\/de\/2026\/09\/04\/spadel-stellt-eine-million-euro-zur-unterstuetzung-der-wiederherstellung-und-resilienz-des-hohen-venns-bereit\/#primaryimage"},"thumbnailUrl":"https:\/\/botrange.be\/wp-content\/uploads\/2026\/09\/SPADEL-merci1.png","datePublished":"2026-09-04T19:56:41+00:00","dateModified":"2026-09-04T19:58:31+00:00","breadcrumb":{"@id":"https:\/\/botrange.be\/de\/2026\/09\/04\/spadel-stellt-eine-million-euro-zur-unterstuetzung-der-wiederherstellung-und-resilienz-des-hohen-venns-bereit\/#breadcrumb"},"inLanguage":"de","potentialAction":[{"@type":"ReadAction","target":["https:\/\/botrange.be\/de\/2026\/09\/04\/spadel-stellt-eine-million-euro-zur-unterstuetzung-der-wiederherstellung-und-resilienz-des-hohen-venns-bereit\/"]}]},{"@type":"ImageObject","inLanguage":"de","@id":"https:\/\/botrange.be\/de\/2026\/09\/04\/spadel-stellt-eine-million-euro-zur-unterstuetzung-der-wiederherstellung-und-resilienz-des-hohen-venns-bereit\/#primaryimage","url":"https:\/\/botrange.be\/wp-content\/uploads\/2026\/09\/SPADEL-merci1.png","contentUrl":"https:\/\/botrange.be\/wp-content\/uploads\/2026\/09\/SPADEL-merci1.png","width":940,"height":788},{"@type":"BreadcrumbList","@id":"https:\/\/botrange.be\/de\/2026\/09\/04\/spadel-stellt-eine-million-euro-zur-unterstuetzung-der-wiederherstellung-und-resilienz-des-hohen-venns-bereit\/#breadcrumb","itemListElement":[{"@type":"ListItem","position":1,"name":"Accueil","item":"https:\/\/botrange.be\/de\/"},{"@type":"ListItem","position":2,"name":"Spadel stellt eine Million Euro zur Unterst\u00fctzung der Wiederherstellung und Resilienz des Hohen Venns bereit"}]},{"@type":"WebSite","@id":"https:\/\/botrange.be\/de\/#website","url":"https:\/\/botrange.be\/de\/","name":"Parc naturel Hautes Fagnes-Eifel","description":"50 ANS 1971-2021","publisher":{"@id":"https:\/\/botrange.be\/de\/#organization"},"potentialAction":[{"@type":"SearchAction","target":{"@type":"EntryPoint","urlTemplate":"https:\/\/botrange.be\/de\/?s={search_term_string}"},"query-input":{"@type":"PropertyValueSpecification","valueRequired":true,"valueName":"search_term_string"}}],"inLanguage":"de"},{"@type":"Organization","@id":"https:\/\/botrange.be\/de\/#organization","name":"Parc naturel Hautes Fagnes-Eifel","url":"https:\/\/botrange.be\/de\/","logo":{"@type":"ImageObject","inLanguage":"de","@id":"https:\/\/botrange.be\/de\/#\/schema\/logo\/image\/","url":"https:\/\/botrange.be\/wp-content\/uploads\/2021\/06\/logo.svg","contentUrl":"https:\/\/botrange.be\/wp-content\/uploads\/2021\/06\/logo.svg","caption":"Parc naturel Hautes Fagnes-Eifel"},"image":{"@id":"https:\/\/botrange.be\/de\/#\/schema\/logo\/image\/"}},{"@type":"Person","@id":"https:\/\/botrange.be\/de\/#\/schema\/person\/cd9bfa71b7963b5496571c7af67564f4","name":"Sarah Guillaume","image":{"@type":"ImageObject","inLanguage":"de","@id":"https:\/\/secure.gravatar.com\/avatar\/ae64a204312b121c4be37c9425ca7b7dcac4359d9937cadc2bc433abf5c14670?s=96&d=mm&r=g","url":"https:\/\/secure.gravatar.com\/avatar\/ae64a204312b121c4be37c9425ca7b7dcac4359d9937cadc2bc433abf5c14670?s=96&d=mm&r=g","contentUrl":"https:\/\/secure.gravatar.com\/avatar\/ae64a204312b121c4be37c9425ca7b7dcac4359d9937cadc2bc433abf5c14670?s=96&d=mm&r=g","caption":"Sarah Guillaume"},"url":"https:\/\/botrange.be\/de\/author\/sarah\/"}]}},"_links":{"self":[{"href":"https:\/\/botrange.be\/de\/wp-json\/wp\/v2\/posts\/23989","targetHints":{"allow":["GET"]}}],"collection":[{"href":"https:\/\/botrange.be\/de\/wp-json\/wp\/v2\/posts"}],"about":[{"href":"https:\/\/botrange.be\/de\/wp-json\/wp\/v2\/types\/post"}],"author":[{"embeddable":true,"href":"https:\/\/botrange.be\/de\/wp-json\/wp\/v2\/users\/13"}],"replies":[{"embeddable":true,"href":"https:\/\/botrange.be\/de\/wp-json\/wp\/v2\/comments?post=23989"}],"version-history":[{"count":1,"href":"https:\/\/botrange.be\/de\/wp-json\/wp\/v2\/posts\/23989\/revisions"}],"predecessor-version":[{"id":23993,"href":"https:\/\/botrange.be\/de\/wp-json\/wp\/v2\/posts\/23989\/revisions\/23993"}],"wp:featuredmedia":[{"embeddable":true,"href":"https:\/\/botrange.be\/de\/wp-json\/wp\/v2\/media\/23990"}],"wp:attachment":[{"href":"https:\/\/botrange.be\/de\/wp-json\/wp\/v2\/media?parent=23989"}],"wp:term":[{"taxonomy":"category","embeddable":true,"href":"https:\/\/botrange.be\/de\/wp-json\/wp\/v2\/categories?post=23989"},{"taxonomy":"post_tag","embeddable":true,"href":"https:\/\/botrange.be\/de\/wp-json\/wp\/v2\/tags?post=23989"}],"curies":[{"name":"wp","href":"https:\/\/api.w.org\/{rel}","templated":true}]}}